{"id":1056,"date":"2019-08-01T11:00:49","date_gmt":"2019-08-01T14:00:49","guid":{"rendered":"http:\/\/conteudo.gerenteweb.com.br\/blog\/?p=1056"},"modified":"2019-07-19T13:47:17","modified_gmt":"2019-07-19T16:47:17","slug":"gerenciamento-de-midias-sociais","status":"publish","type":"post","link":"https:\/\/conteudo.gerenteweb.com.br\/blog\/gerenciamento-de-midias-sociais\/","title":{"rendered":"Gerenciamento de m\u00eddias sociais: saiba como se diferenciar"},"content":{"rendered":"\n<p>Falar em marketing digital sem pensar nas redes sociais \u00e9 algo impratic\u00e1vel. E para que os resultados apare\u00e7am, \u00e9 importante buscar um diferencial no <strong>gerenciamento de m\u00eddias sociais<\/strong>. <br><\/p>\n\n\n\n<p>Atualmente, elas s\u00e3o o meio mais explorado para a\u00e7\u00f5es de marketing e publicidade&nbsp;dentro das mais variadas estrat\u00e9gias. Por\u00e9m, n\u00e3o basta apenas produzir conte\u00fado e &#8220;seguir a boiada&#8221; abordando os mesmos temas de que todos j\u00e1 falam.<\/p>\n\n\n\n<p>O grande trunfo dessa estrat\u00e9gia&nbsp;est\u00e1 em gerenciar as plataformas de maneira inteligente. E, claro, cultivar o processo criativo em todas as a\u00e7\u00f5es. \u00c9 assim que a comunica\u00e7\u00e3o tende a ser potencializada, principalmente nas redes sociais mais populares, como<a href=\"http:\/\/facebook.com\"> Facebook<\/a> e <a href=\"http:\/\/instagram.com\">Instagram<\/a>.<\/p>\n\n\n\n<p>Contudo, tamb\u00e9m n\u00e3o se pode cometer o erro de acreditar que a rede social mais popular \u00e9 o lugar onde sua marca far\u00e1 mais sucesso. Tudo depende do p\u00fablico-alvo: de onde est\u00e1 e como atua o <strong>potencial consumidor<\/strong> que voc\u00ea procura.<\/p>\n\n\n\n<p>Confira a seguir como alcan\u00e7ar o diferencial e fazer um gerenciamento de m\u00eddias sociais eficiente e adequado ao seu neg\u00f3cio.<br><\/p>\n\n\n\n<h2 class=\"wp-block-heading\">Planejar \u00e9 preciso (rede social n\u00e3o \u00e9 bagun\u00e7a!)<br><\/h2>\n\n\n\n<p>Infelizmente, muitas empresas ainda n\u00e3o levam t\u00e3o a s\u00e9rio o papel das redes sociais. Por isso, \u00e9 muito comum que a presen\u00e7a digital nesse meio seja encarada apenas como mera presen\u00e7a e n\u00e3o como <strong>presen\u00e7a ativa<\/strong>.&nbsp;<br><\/p>\n\n\n\n<p>Todavia, para que a comunica\u00e7\u00e3o seja efetiva e os resultados apare\u00e7am, um planejamento estrat\u00e9gico de marketing digital deve ser feito minuciosamente. Assim, \u00e9 preciso considerar as muitas vari\u00e1veis existentes. Entre elas, podemos citar:<\/p>\n\n\n\n<ul class=\"wp-block-list\"><li>comportamento do consumidor;<\/li><li>atua\u00e7\u00e3o da concorr\u00eancia;<\/li><li>hor\u00e1rios de audi\u00eancia;<\/li><li>solu\u00e7\u00f5es entregues pela&nbsp;marca\/produto;<\/li><li>n\u00edvel de intera\u00e7\u00e3o com o p\u00fablico.<\/li><\/ul>\n\n\n\n<p>Ap\u00f3s analisar o mercado e&nbsp;as vari\u00e1veis que citamos, todas as a\u00e7\u00f5es devem ser planejadas, com objetivos claros e metas estabelecidas.<\/p>\n\n\n\n<p>Feito isso, \u00e9 hora de &#8220;partir para o ataque&#8221; e por em pr\u00e1tica o que foi determinado no plano de marketing.<\/p>\n\n\n\n<h2 class=\"wp-block-heading\">Gerenciamento de m\u00eddias sociais pra fazer a diferen\u00e7a<\/h2>\n\n\n\n<p>Muito do que vemos nas redes sociais parece apenas mais do mesmo. As tend\u00eancias costumam ser exploradas por marcas e empresas de maneira muito repetitiva, e ganhar destaque acaba sendo uma tarefa dif\u00edcil.<\/p>\n\n\n\n<p>No entanto, \u00e9 preciso entender que n\u00e3o estamos aqui dizendo que tend\u00eancias n\u00e3o s\u00e3o importantes. Ou que elas n\u00e3o precisam ser seguidas. \u00c9 claro que o assunto do momento precisa ser explorado&nbsp;e que as novas ferramentas devem ser utilizadas.&nbsp;<\/p>\n\n\n\n<p>Por\u00e9m, o gerenciamento de m\u00eddias sociais vai muito al\u00e9m de organizar o conte\u00fado. Ele deve servir para destacar o que \u00e9 produzido e&nbsp;potencializar a comunica\u00e7\u00e3o.<\/p>\n\n\n\n<p>Uma dica de ouro \u00e9 pesquisar seus concorrentes e&nbsp;observar com aten\u00e7\u00e3o o que e como&nbsp;se comunicam com o p\u00fablico. Isso evitar\u00e1 que voc\u00ea produza conte\u00fados repetidos, por exemplo.<\/p>\n\n\n\n<p>Assim como cada pessoa, empresas e marcas tamb\u00e9m possuem sua singularidade. Dessa forma,<strong> reconhecer qual o seu potencial<\/strong>&nbsp;far\u00e1 diferen\u00e7a no resultado do&nbsp;investimento.<br><\/p>\n\n\n\n<p>E isso vale, \u00e9 claro, para cada rede social especificamente. A linguagem, a apresenta\u00e7\u00e3o e o conte\u00fado de cada plataforma s\u00e3o distintos. E&nbsp;por isso o gerenciamento de m\u00eddias sociais \u00e9 t\u00e3o importante.<\/p>\n\n\n\n<p>Afinal, gerir a comunica\u00e7\u00e3o e o conte\u00fado para falar com cada p\u00fablico exige ainda mais criatividade.&nbsp;<\/p>\n\n\n\n<p><strong><em>Se voc\u00ea gostou do conte\u00fado e quer saber como melhorar a presen\u00e7a digital da sua marca, <a href=\"http:\/\/gerenteweb.com.br\/contato\">entre em contato com a Gerente Web<\/a> e conhe\u00e7a nossa equipe de profissionais especializados em m\u00eddias sociais!<\/em><\/strong><\/p>\n","protected":false},"excerpt":{"rendered":"<p>Falar em marketing digital sem pensar nas redes sociais \u00e9 algo impratic\u00e1vel. E para que os resultados apare\u00e7am, \u00e9 importante buscar um diferencial no gerenciamento de m\u00eddias sociais. Atualmente, elas s\u00e3o o meio mais explorado para a\u00e7\u00f5es de marketing e publicidade&nbsp;dentro das mais variadas estrat\u00e9gias. Por\u00e9m, n\u00e3o basta apenas produzir conte\u00fado e &#8220;seguir a boiada&#8221; &hellip; <\/p>\n<p class=\"link-more\"><a href=\"https:\/\/conteudo.gerenteweb.com.br\/blog\/gerenciamento-de-midias-sociais\/\" class=\"more-link\">Continue lendo<span class=\"screen-reader-text\"> &#8220;Gerenciamento de m\u00eddias sociais: saiba como se diferenciar&#8221;<\/span><\/a><\/p>\n","protected":false},"author":12,"featured_media":1160,"comment_status":"open","ping_status":"open","sticky":false,"template":"","format":"standard","meta":{"footnotes":""},"categories":[29],"tags":[],"class_list":["post-1056","post","type-post","status-publish","format-standard","has-post-thumbnail","hentry","category-novidade-nas-midias-sociais"],"yoast_head":"<!-- This site is optimized with the Yoast SEO plugin v27.3 - https:\/\/yoast.com\/product\/yoast-seo-wordpress\/ -->\n<title>Gerenciamento de m\u00eddias sociais: saiba como se diferenciar - GerenteWeb<\/title>\n<meta name=\"description\" content=\"Fazer o gerenciamento de m\u00eddias sociais de forma diferenciada \u00e9 fundamental para uma estrat\u00e9gia de marketing que potencialize a comunica\u00e7\u00e3o da sua empresa.\" \/>\n<meta name=\"robots\" content=\"index, follow, max-snippet:-1, max-image-preview:large, max-video-preview:-1\" \/>\n<link rel=\"canonical\" href=\"https:\/\/conteudo.gerenteweb.com.br\/blog\/gerenciamento-de-midias-sociais\/\" \/>\n<meta property=\"og:locale\" content=\"pt_BR\" \/>\n<meta property=\"og:type\" content=\"article\" \/>\n<meta property=\"og:title\" content=\"Gerenciamento de m\u00eddias sociais: saiba como se diferenciar - GerenteWeb\" \/>\n<meta property=\"og:description\" content=\"Fazer o gerenciamento de m\u00eddias sociais de forma diferenciada \u00e9 fundamental para uma estrat\u00e9gia de marketing que potencialize a comunica\u00e7\u00e3o da sua empresa.\" \/>\n<meta property=\"og:url\" content=\"https:\/\/conteudo.gerenteweb.com.br\/blog\/gerenciamento-de-midias-sociais\/\" \/>\n<meta property=\"og:site_name\" content=\"GerenteWeb\" \/>\n<meta property=\"article:publisher\" content=\"https:\/\/www.facebook.com\/Gerenteweb\/\" \/>\n<meta property=\"article:published_time\" content=\"2019-08-01T14:00:49+00:00\" \/>\n<meta property=\"og:image\" content=\"https:\/\/conteudo.gerenteweb.com.br\/blog\/wp-content\/uploads\/2019\/08\/2019-07_artigo_gw_003.png\" \/>\n\t<meta property=\"og:image:width\" content=\"1200\" \/>\n\t<meta property=\"og:image:height\" content=\"628\" \/>\n\t<meta property=\"og:image:type\" content=\"image\/png\" \/>\n<meta name=\"author\" content=\"GerenteWeb\" \/>\n<meta name=\"twitter:card\" content=\"summary_large_image\" \/>\n<meta name=\"twitter:creator\" content=\"@gerenteweb\" \/>\n<meta name=\"twitter:site\" content=\"@gerenteweb\" \/>\n<meta name=\"twitter:label1\" content=\"Written by\" \/>\n\t<meta name=\"twitter:data1\" content=\"GerenteWeb\" \/>\n\t<meta name=\"twitter:label2\" content=\"Est. reading time\" \/>\n\t<meta name=\"twitter:data2\" content=\"3 minutos\" \/>\n<script type=\"application\/ld+json\" class=\"yoast-schema-graph\">{\"@context\":\"https:\\\/\\\/schema.org\",\"@graph\":[{\"@type\":\"Article\",\"@id\":\"https:\\\/\\\/conteudo.gerenteweb.com.br\\\/blog\\\/gerenciamento-de-midias-sociais\\\/#article\",\"isPartOf\":{\"@id\":\"https:\\\/\\\/conteudo.gerenteweb.com.br\\\/blog\\\/gerenciamento-de-midias-sociais\\\/\"},\"author\":{\"name\":\"GerenteWeb\",\"@id\":\"https:\\\/\\\/conteudo.gerenteweb.com.br\\\/blog\\\/#\\\/schema\\\/person\\\/1b005ed8f788faef1d88e84fdc852cfd\"},\"headline\":\"Gerenciamento de m\u00eddias sociais: saiba como se diferenciar\",\"datePublished\":\"2019-08-01T14:00:49+00:00\",\"mainEntityOfPage\":{\"@id\":\"https:\\\/\\\/conteudo.gerenteweb.com.br\\\/blog\\\/gerenciamento-de-midias-sociais\\\/\"},\"wordCount\":632,\"commentCount\":0,\"publisher\":{\"@id\":\"https:\\\/\\\/conteudo.gerenteweb.com.br\\\/blog\\\/#organization\"},\"image\":{\"@id\":\"https:\\\/\\\/conteudo.gerenteweb.com.br\\\/blog\\\/gerenciamento-de-midias-sociais\\\/#primaryimage\"},\"thumbnailUrl\":\"https:\\\/\\\/conteudo.gerenteweb.com.br\\\/blog\\\/wp-content\\\/uploads\\\/2019\\\/08\\\/2019-07_artigo_gw_003.png\",\"articleSection\":[\"Novidade nas M\u00eddias Sociais\"],\"inLanguage\":\"pt-BR\",\"potentialAction\":[{\"@type\":\"CommentAction\",\"name\":\"Comment\",\"target\":[\"https:\\\/\\\/conteudo.gerenteweb.com.br\\\/blog\\\/gerenciamento-de-midias-sociais\\\/#respond\"]}]},{\"@type\":\"WebPage\",\"@id\":\"https:\\\/\\\/conteudo.gerenteweb.com.br\\\/blog\\\/gerenciamento-de-midias-sociais\\\/\",\"url\":\"https:\\\/\\\/conteudo.gerenteweb.com.br\\\/blog\\\/gerenciamento-de-midias-sociais\\\/\",\"name\":\"Gerenciamento de m\u00eddias sociais: saiba como se diferenciar - GerenteWeb\",\"isPartOf\":{\"@id\":\"https:\\\/\\\/conteudo.gerenteweb.com.br\\\/blog\\\/#website\"},\"primaryImageOfPage\":{\"@id\":\"https:\\\/\\\/conteudo.gerenteweb.com.br\\\/blog\\\/gerenciamento-de-midias-sociais\\\/#primaryimage\"},\"image\":{\"@id\":\"https:\\\/\\\/conteudo.gerenteweb.com.br\\\/blog\\\/gerenciamento-de-midias-sociais\\\/#primaryimage\"},\"thumbnailUrl\":\"https:\\\/\\\/conteudo.gerenteweb.com.br\\\/blog\\\/wp-content\\\/uploads\\\/2019\\\/08\\\/2019-07_artigo_gw_003.png\",\"datePublished\":\"2019-08-01T14:00:49+00:00\",\"description\":\"Fazer o gerenciamento de m\u00eddias sociais de forma diferenciada \u00e9 fundamental para uma estrat\u00e9gia de marketing que potencialize a comunica\u00e7\u00e3o da sua empresa.\",\"breadcrumb\":{\"@id\":\"https:\\\/\\\/conteudo.gerenteweb.com.br\\\/blog\\\/gerenciamento-de-midias-sociais\\\/#breadcrumb\"},\"inLanguage\":\"pt-BR\",\"potentialAction\":[{\"@type\":\"ReadAction\",\"target\":[\"https:\\\/\\\/conteudo.gerenteweb.com.br\\\/blog\\\/gerenciamento-de-midias-sociais\\\/\"]}]},{\"@type\":\"ImageObject\",\"inLanguage\":\"pt-BR\",\"@id\":\"https:\\\/\\\/conteudo.gerenteweb.com.br\\\/blog\\\/gerenciamento-de-midias-sociais\\\/#primaryimage\",\"url\":\"https:\\\/\\\/conteudo.gerenteweb.com.br\\\/blog\\\/wp-content\\\/uploads\\\/2019\\\/08\\\/2019-07_artigo_gw_003.png\",\"contentUrl\":\"https:\\\/\\\/conteudo.gerenteweb.com.br\\\/blog\\\/wp-content\\\/uploads\\\/2019\\\/08\\\/2019-07_artigo_gw_003.png\",\"width\":1200,\"height\":628,\"caption\":\"Gerenciamento de m\u00eddias sociais: saiba como se diferenciar\"},{\"@type\":\"BreadcrumbList\",\"@id\":\"https:\\\/\\\/conteudo.gerenteweb.com.br\\\/blog\\\/gerenciamento-de-midias-sociais\\\/#breadcrumb\",\"itemListElement\":[{\"@type\":\"ListItem\",\"position\":1,\"name\":\"In\u00edcio\",\"item\":\"https:\\\/\\\/conteudo.gerenteweb.com.br\\\/blog\\\/\"},{\"@type\":\"ListItem\",\"position\":2,\"name\":\"Gerenciamento de m\u00eddias sociais: saiba como se diferenciar\"}]},{\"@type\":\"WebSite\",\"@id\":\"https:\\\/\\\/conteudo.gerenteweb.com.br\\\/blog\\\/#website\",\"url\":\"https:\\\/\\\/conteudo.gerenteweb.com.br\\\/blog\\\/\",\"name\":\"GerenteWeb\",\"description\":\"Marketing Digital\",\"publisher\":{\"@id\":\"https:\\\/\\\/conteudo.gerenteweb.com.br\\\/blog\\\/#organization\"},\"potentialAction\":[{\"@type\":\"SearchAction\",\"target\":{\"@type\":\"EntryPoint\",\"urlTemplate\":\"https:\\\/\\\/conteudo.gerenteweb.com.br\\\/blog\\\/?s={search_term_string}\"},\"query-input\":{\"@type\":\"PropertyValueSpecification\",\"valueRequired\":true,\"valueName\":\"search_term_string\"}}],\"inLanguage\":\"pt-BR\"},{\"@type\":\"Organization\",\"@id\":\"https:\\\/\\\/conteudo.gerenteweb.com.br\\\/blog\\\/#organization\",\"name\":\"GerenteWeb\",\"url\":\"https:\\\/\\\/conteudo.gerenteweb.com.br\\\/blog\\\/\",\"logo\":{\"@type\":\"ImageObject\",\"inLanguage\":\"pt-BR\",\"@id\":\"https:\\\/\\\/conteudo.gerenteweb.com.br\\\/blog\\\/#\\\/schema\\\/logo\\\/image\\\/\",\"url\":\"https:\\\/\\\/conteudo.gerenteweb.com.br\\\/blog\\\/wp-content\\\/uploads\\\/2015\\\/12\\\/logo-gerenteweb.png\",\"contentUrl\":\"https:\\\/\\\/conteudo.gerenteweb.com.br\\\/blog\\\/wp-content\\\/uploads\\\/2015\\\/12\\\/logo-gerenteweb.png\",\"width\":229,\"height\":54,\"caption\":\"GerenteWeb\"},\"image\":{\"@id\":\"https:\\\/\\\/conteudo.gerenteweb.com.br\\\/blog\\\/#\\\/schema\\\/logo\\\/image\\\/\"},\"sameAs\":[\"https:\\\/\\\/www.facebook.com\\\/Gerenteweb\\\/\",\"https:\\\/\\\/x.com\\\/gerenteweb\",\"https:\\\/\\\/www.linkedin.com\\\/company\\\/gerenteweb\"]},{\"@type\":\"Person\",\"@id\":\"https:\\\/\\\/conteudo.gerenteweb.com.br\\\/blog\\\/#\\\/schema\\\/person\\\/1b005ed8f788faef1d88e84fdc852cfd\",\"name\":\"GerenteWeb\",\"image\":{\"@type\":\"ImageObject\",\"inLanguage\":\"pt-BR\",\"@id\":\"https:\\\/\\\/secure.gravatar.com\\\/avatar\\\/e02051ad67285639be82255b4e8a9b70ccdca847d2f116011090b0d0c308b788?s=96&d=mm&r=g\",\"url\":\"https:\\\/\\\/secure.gravatar.com\\\/avatar\\\/e02051ad67285639be82255b4e8a9b70ccdca847d2f116011090b0d0c308b788?s=96&d=mm&r=g\",\"contentUrl\":\"https:\\\/\\\/secure.gravatar.com\\\/avatar\\\/e02051ad67285639be82255b4e8a9b70ccdca847d2f116011090b0d0c308b788?s=96&d=mm&r=g\",\"caption\":\"GerenteWeb\"},\"url\":\"https:\\\/\\\/conteudo.gerenteweb.com.br\\\/blog\\\/author\\\/gerenteweb\\\/\"}]}<\/script>\n<!-- \/ Yoast SEO plugin. -->","yoast_head_json":{"title":"Gerenciamento de m\u00eddias sociais: saiba como se diferenciar - GerenteWeb","description":"Fazer o gerenciamento de m\u00eddias sociais de forma diferenciada \u00e9 fundamental para uma estrat\u00e9gia de marketing que potencialize a comunica\u00e7\u00e3o da sua empresa.","robots":{"index":"index","follow":"follow","max-snippet":"max-snippet:-1","max-image-preview":"max-image-preview:large","max-video-preview":"max-video-preview:-1"},"canonical":"https:\/\/conteudo.gerenteweb.com.br\/blog\/gerenciamento-de-midias-sociais\/","og_locale":"pt_BR","og_type":"article","og_title":"Gerenciamento de m\u00eddias sociais: saiba como se diferenciar - GerenteWeb","og_description":"Fazer o gerenciamento de m\u00eddias sociais de forma diferenciada \u00e9 fundamental para uma estrat\u00e9gia de marketing que potencialize a comunica\u00e7\u00e3o da sua empresa.","og_url":"https:\/\/conteudo.gerenteweb.com.br\/blog\/gerenciamento-de-midias-sociais\/","og_site_name":"GerenteWeb","article_publisher":"https:\/\/www.facebook.com\/Gerenteweb\/","article_published_time":"2019-08-01T14:00:49+00:00","og_image":[{"width":1200,"height":628,"url":"https:\/\/conteudo.gerenteweb.com.br\/blog\/wp-content\/uploads\/2019\/08\/2019-07_artigo_gw_003.png","type":"image\/png"}],"author":"GerenteWeb","twitter_card":"summary_large_image","twitter_creator":"@gerenteweb","twitter_site":"@gerenteweb","twitter_misc":{"Written by":"GerenteWeb","Est. reading time":"3 minutos"},"schema":{"@context":"https:\/\/schema.org","@graph":[{"@type":"Article","@id":"https:\/\/conteudo.gerenteweb.com.br\/blog\/gerenciamento-de-midias-sociais\/#article","isPartOf":{"@id":"https:\/\/conteudo.gerenteweb.com.br\/blog\/gerenciamento-de-midias-sociais\/"},"author":{"name":"GerenteWeb","@id":"https:\/\/conteudo.gerenteweb.com.br\/blog\/#\/schema\/person\/1b005ed8f788faef1d88e84fdc852cfd"},"headline":"Gerenciamento de m\u00eddias sociais: saiba como se diferenciar","datePublished":"2019-08-01T14:00:49+00:00","mainEntityOfPage":{"@id":"https:\/\/conteudo.gerenteweb.com.br\/blog\/gerenciamento-de-midias-sociais\/"},"wordCount":632,"commentCount":0,"publisher":{"@id":"https:\/\/conteudo.gerenteweb.com.br\/blog\/#organization"},"image":{"@id":"https:\/\/conteudo.gerenteweb.com.br\/blog\/gerenciamento-de-midias-sociais\/#primaryimage"},"thumbnailUrl":"https:\/\/conteudo.gerenteweb.com.br\/blog\/wp-content\/uploads\/2019\/08\/2019-07_artigo_gw_003.png","articleSection":["Novidade nas M\u00eddias Sociais"],"inLanguage":"pt-BR","potentialAction":[{"@type":"CommentAction","name":"Comment","target":["https:\/\/conteudo.gerenteweb.com.br\/blog\/gerenciamento-de-midias-sociais\/#respond"]}]},{"@type":"WebPage","@id":"https:\/\/conteudo.gerenteweb.com.br\/blog\/gerenciamento-de-midias-sociais\/","url":"https:\/\/conteudo.gerenteweb.com.br\/blog\/gerenciamento-de-midias-sociais\/","name":"Gerenciamento de m\u00eddias sociais: saiba como se diferenciar - GerenteWeb","isPartOf":{"@id":"https:\/\/conteudo.gerenteweb.com.br\/blog\/#website"},"primaryImageOfPage":{"@id":"https:\/\/conteudo.gerenteweb.com.br\/blog\/gerenciamento-de-midias-sociais\/#primaryimage"},"image":{"@id":"https:\/\/conteudo.gerenteweb.com.br\/blog\/gerenciamento-de-midias-sociais\/#primaryimage"},"thumbnailUrl":"https:\/\/conteudo.gerenteweb.com.br\/blog\/wp-content\/uploads\/2019\/08\/2019-07_artigo_gw_003.png","datePublished":"2019-08-01T14:00:49+00:00","description":"Fazer o gerenciamento de m\u00eddias sociais de forma diferenciada \u00e9 fundamental para uma estrat\u00e9gia de marketing que potencialize a comunica\u00e7\u00e3o da sua empresa.","breadcrumb":{"@id":"https:\/\/conteudo.gerenteweb.com.br\/blog\/gerenciamento-de-midias-sociais\/#breadcrumb"},"inLanguage":"pt-BR","potentialAction":[{"@type":"ReadAction","target":["https:\/\/conteudo.gerenteweb.com.br\/blog\/gerenciamento-de-midias-sociais\/"]}]},{"@type":"ImageObject","inLanguage":"pt-BR","@id":"https:\/\/conteudo.gerenteweb.com.br\/blog\/gerenciamento-de-midias-sociais\/#primaryimage","url":"https:\/\/conteudo.gerenteweb.com.br\/blog\/wp-content\/uploads\/2019\/08\/2019-07_artigo_gw_003.png","contentUrl":"https:\/\/conteudo.gerenteweb.com.br\/blog\/wp-content\/uploads\/2019\/08\/2019-07_artigo_gw_003.png","width":1200,"height":628,"caption":"Gerenciamento de m\u00eddias sociais: saiba como se diferenciar"},{"@type":"BreadcrumbList","@id":"https:\/\/conteudo.gerenteweb.com.br\/blog\/gerenciamento-de-midias-sociais\/#breadcrumb","itemListElement":[{"@type":"ListItem","position":1,"name":"In\u00edcio","item":"https:\/\/conteudo.gerenteweb.com.br\/blog\/"},{"@type":"ListItem","position":2,"name":"Gerenciamento de m\u00eddias sociais: saiba como se diferenciar"}]},{"@type":"WebSite","@id":"https:\/\/conteudo.gerenteweb.com.br\/blog\/#website","url":"https:\/\/conteudo.gerenteweb.com.br\/blog\/","name":"GerenteWeb","description":"Marketing Digital","publisher":{"@id":"https:\/\/conteudo.gerenteweb.com.br\/blog\/#organization"},"potentialAction":[{"@type":"SearchAction","target":{"@type":"EntryPoint","urlTemplate":"https:\/\/conteudo.gerenteweb.com.br\/blog\/?s={search_term_string}"},"query-input":{"@type":"PropertyValueSpecification","valueRequired":true,"valueName":"search_term_string"}}],"inLanguage":"pt-BR"},{"@type":"Organization","@id":"https:\/\/conteudo.gerenteweb.com.br\/blog\/#organization","name":"GerenteWeb","url":"https:\/\/conteudo.gerenteweb.com.br\/blog\/","logo":{"@type":"ImageObject","inLanguage":"pt-BR","@id":"https:\/\/conteudo.gerenteweb.com.br\/blog\/#\/schema\/logo\/image\/","url":"https:\/\/conteudo.gerenteweb.com.br\/blog\/wp-content\/uploads\/2015\/12\/logo-gerenteweb.png","contentUrl":"https:\/\/conteudo.gerenteweb.com.br\/blog\/wp-content\/uploads\/2015\/12\/logo-gerenteweb.png","width":229,"height":54,"caption":"GerenteWeb"},"image":{"@id":"https:\/\/conteudo.gerenteweb.com.br\/blog\/#\/schema\/logo\/image\/"},"sameAs":["https:\/\/www.facebook.com\/Gerenteweb\/","https:\/\/x.com\/gerenteweb","https:\/\/www.linkedin.com\/company\/gerenteweb"]},{"@type":"Person","@id":"https:\/\/conteudo.gerenteweb.com.br\/blog\/#\/schema\/person\/1b005ed8f788faef1d88e84fdc852cfd","name":"GerenteWeb","image":{"@type":"ImageObject","inLanguage":"pt-BR","@id":"https:\/\/secure.gravatar.com\/avatar\/e02051ad67285639be82255b4e8a9b70ccdca847d2f116011090b0d0c308b788?s=96&d=mm&r=g","url":"https:\/\/secure.gravatar.com\/avatar\/e02051ad67285639be82255b4e8a9b70ccdca847d2f116011090b0d0c308b788?s=96&d=mm&r=g","contentUrl":"https:\/\/secure.gravatar.com\/avatar\/e02051ad67285639be82255b4e8a9b70ccdca847d2f116011090b0d0c308b788?s=96&d=mm&r=g","caption":"GerenteWeb"},"url":"https:\/\/conteudo.gerenteweb.com.br\/blog\/author\/gerenteweb\/"}]}},"_links":{"self":[{"href":"https:\/\/conteudo.gerenteweb.com.br\/blog\/wp-json\/wp\/v2\/posts\/1056","targetHints":{"allow":["GET"]}}],"collection":[{"href":"https:\/\/conteudo.gerenteweb.com.br\/blog\/wp-json\/wp\/v2\/posts"}],"about":[{"href":"https:\/\/conteudo.gerenteweb.com.br\/blog\/wp-json\/wp\/v2\/types\/post"}],"author":[{"embeddable":true,"href":"https:\/\/conteudo.gerenteweb.com.br\/blog\/wp-json\/wp\/v2\/users\/12"}],"replies":[{"embeddable":true,"href":"https:\/\/conteudo.gerenteweb.com.br\/blog\/wp-json\/wp\/v2\/comments?post=1056"}],"version-history":[{"count":4,"href":"https:\/\/conteudo.gerenteweb.com.br\/blog\/wp-json\/wp\/v2\/posts\/1056\/revisions"}],"predecessor-version":[{"id":1070,"href":"https:\/\/conteudo.gerenteweb.com.br\/blog\/wp-json\/wp\/v2\/posts\/1056\/revisions\/1070"}],"wp:featuredmedia":[{"embeddable":true,"href":"https:\/\/conteudo.gerenteweb.com.br\/blog\/wp-json\/wp\/v2\/media\/1160"}],"wp:attachment":[{"href":"https:\/\/conteudo.gerenteweb.com.br\/blog\/wp-json\/wp\/v2\/media?parent=1056"}],"wp:term":[{"taxonomy":"category","embeddable":true,"href":"https:\/\/conteudo.gerenteweb.com.br\/blog\/wp-json\/wp\/v2\/categories?post=1056"},{"taxonomy":"post_tag","embeddable":true,"href":"https:\/\/conteudo.gerenteweb.com.br\/blog\/wp-json\/wp\/v2\/tags?post=1056"}],"curies":[{"name":"wp","href":"https:\/\/api.w.org\/{rel}","templated":true}]}}