{"id":1226,"date":"2019-11-27T10:00:37","date_gmt":"2019-11-27T13:00:37","guid":{"rendered":"http:\/\/conteudo.gerenteweb.com.br\/blog\/?p=1226"},"modified":"2019-11-25T11:14:28","modified_gmt":"2019-11-25T14:14:28","slug":"planejamento-de-midias-sociais-como-ir-alem","status":"publish","type":"post","link":"https:\/\/conteudo.gerenteweb.com.br\/blog\/planejamento-de-midias-sociais-como-ir-alem\/","title":{"rendered":"Planejamento de m\u00eddias sociais: como ir al\u00e9m?"},"content":{"rendered":"\n<p>N\u00e3o h\u00e1 d\u00favida quanto \u00e0 import\u00e2ncia do planejamento de m\u00eddias sociais para estabelecer uma rotina de publica\u00e7\u00f5es que torne essa estrat\u00e9gia de marketing digital mais eficiente.<\/p>\n\n\n\n<p>Conforme um <a href=\"https:\/\/cetic.br\/tics\/empresas\/2017\/empresas\/B13A\/\">relat\u00f3rio divulgado pelo Comit\u00ea Gestor da Internet no Brasil<\/a>&nbsp;em 2017 e atualizado em 2019, 70% das empresas possuem perfil ou conta pr\u00f3prios em alguma rede social. Desses, 59% est\u00e3o no Facebook e 22% no Instagram.&nbsp;<\/p>\n\n\n\n<p>Isso demonstra a grande participa\u00e7\u00e3o dos neg\u00f3cios no meio digital e o qu\u00e3o fundamental \u00e9 o planejamento.<br><\/p>\n\n\n\n<p>Contudo, mesmo dentro desse planejamento \u00e9&nbsp;necess\u00e1rio dar espa\u00e7o para assuntos e conte\u00fados que &#8220;fujam do script&#8221;.&nbsp;Afinal, sempre haver\u00e1 uma novidade, um acontecimento ou tend\u00eancia que n\u00e3o foram previstos e inseridos na planilha. E nem por isso se deve ignorar esses fatos.<\/p>\n\n\n\n<p>Ao contr\u00e1rio, o chamado <a href=\"http:\/\/conteudo.gerenteweb.com.br\/blog\/marketing-de-oportunidade-o-que-e-como-usa-lo\/\">marketing de oportunidade<\/a>, tende a contribuir muito para aumentar o engajamento do p\u00fablico e fortalecer a marca.<\/p>\n\n\n\n<p>Veja nesse post como <strong>aproveitar as melhores oportunidades<\/strong> e oferecer um conte\u00fado que atraia o p\u00fablico, sem deixar de lado as informa\u00e7\u00f5es mais importantes sobre seu neg\u00f3cio!<\/p>\n\n\n\n<div id=\"ez-toc-container\" class=\"ez-toc-v2_0_82_2 counter-hierarchy ez-toc-counter ez-toc-grey ez-toc-container-direction\">\n<p class=\"ez-toc-title\" style=\"cursor:inherit\">Table of Contents<\/p>\n<label for=\"ez-toc-cssicon-toggle-item-69efcd653a3c3\" class=\"ez-toc-cssicon-toggle-label\"><span class=\"\"><span class=\"eztoc-hide\" style=\"display:none;\">Toggle<\/span><span class=\"ez-toc-icon-toggle-span\"><svg style=\"fill: #999;color:#999\" xmlns=\"http:\/\/www.w3.org\/2000\/svg\" class=\"list-377408\" width=\"20px\" height=\"20px\" viewBox=\"0 0 24 24\" fill=\"none\"><path d=\"M6 6H4v2h2V6zm14 0H8v2h12V6zM4 11h2v2H4v-2zm16 0H8v2h12v-2zM4 16h2v2H4v-2zm16 0H8v2h12v-2z\" fill=\"currentColor\"><\/path><\/svg><svg style=\"fill: #999;color:#999\" class=\"arrow-unsorted-368013\" xmlns=\"http:\/\/www.w3.org\/2000\/svg\" width=\"10px\" height=\"10px\" viewBox=\"0 0 24 24\" version=\"1.2\" baseProfile=\"tiny\"><path d=\"M18.2 9.3l-6.2-6.3-6.2 6.3c-.2.2-.3.4-.3.7s.1.5.3.7c.2.2.4.3.7.3h11c.3 0 .5-.1.7-.3.2-.2.3-.5.3-.7s-.1-.5-.3-.7zM5.8 14.7l6.2 6.3 6.2-6.3c.2-.2.3-.5.3-.7s-.1-.5-.3-.7c-.2-.2-.4-.3-.7-.3h-11c-.3 0-.5.1-.7.3-.2.2-.3.5-.3.7s.1.5.3.7z\"\/><\/svg><\/span><\/span><\/label><input type=\"checkbox\"  id=\"ez-toc-cssicon-toggle-item-69efcd653a3c3\"  aria-label=\"Toggle\" \/><nav><ul class='ez-toc-list ez-toc-list-level-1 ' ><li class='ez-toc-page-1 ez-toc-heading-level-2'><a class=\"ez-toc-link ez-toc-heading-1\" href=\"https:\/\/conteudo.gerenteweb.com.br\/blog\/planejamento-de-midias-sociais-como-ir-alem\/#Como_incluir_um_conteudo_dinamico_no_planejamento_de_midias_sociais\" >Como incluir um conte\u00fado din\u00e2mico no planejamento de m\u00eddias sociais?<\/a><ul class='ez-toc-list-level-3' ><li class='ez-toc-heading-level-3'><a class=\"ez-toc-link ez-toc-heading-2\" href=\"https:\/\/conteudo.gerenteweb.com.br\/blog\/planejamento-de-midias-sociais-como-ir-alem\/#Ritmo_consistente_da_publicacao\" >Ritmo consistente da publica\u00e7\u00e3o<\/a><\/li><li class='ez-toc-page-1 ez-toc-heading-level-3'><a class=\"ez-toc-link ez-toc-heading-3\" href=\"https:\/\/conteudo.gerenteweb.com.br\/blog\/planejamento-de-midias-sociais-como-ir-alem\/#Sensibilidade_aos_acontecimentos\" >Sensibilidade aos acontecimentos<\/a><\/li><li class='ez-toc-page-1 ez-toc-heading-level-3'><a class=\"ez-toc-link ez-toc-heading-4\" href=\"https:\/\/conteudo.gerenteweb.com.br\/blog\/planejamento-de-midias-sociais-como-ir-alem\/#Envolvimento_no_processo\" >Envolvimento no processo<\/a><\/li><\/ul><\/li><li class='ez-toc-page-1 ez-toc-heading-level-2'><a class=\"ez-toc-link ez-toc-heading-5\" href=\"https:\/\/conteudo.gerenteweb.com.br\/blog\/planejamento-de-midias-sociais-como-ir-alem\/#Planejamento_de_midias_sociais_estrategias_de_oportunidade\" >Planejamento de m\u00eddias sociais: estrat\u00e9gias de oportunidade<\/a><\/li><\/ul><\/nav><\/div>\n<h2 class=\"wp-block-heading\"><span class=\"ez-toc-section\" id=\"Como_incluir_um_conteudo_dinamico_no_planejamento_de_midias_sociais\"><\/span>Como incluir um conte\u00fado din\u00e2mico no planejamento de m\u00eddias sociais?<span class=\"ez-toc-section-end\"><\/span><\/h2>\n\n\n\n<p>O conte\u00fado publicado nas m\u00eddias sociais costuma ser bastante <strong>din\u00e2mico<\/strong>. As atualiza\u00e7\u00f5es t\u00eam um ciclo de vida muito curto, \u00e0 medida que se espalham de maneira r\u00e1pida, principalmente em m\u00eddias como Facebook, Twitter e Instagram.<\/p>\n\n\n\n<p>Isso sem contar os fatos e novidades de \u00faltima hora, que precisam ser pensados de forma r\u00e1pida, para que n\u00e3o se perca o <em>timing<\/em>.<\/p>\n\n\n\n<p>Portanto, um&nbsp;planejamento de m\u00eddias sociais eficiente precisa de <strong>espa\u00e7o para atualiza\u00e7\u00f5es em tempo real<\/strong>, al\u00e9m da flexibilidade no agendamento. Ou seja, s\u00f3 porque \u00e9 planejado&nbsp;n\u00e3o significa que deva ser engessado.<\/p>\n\n\n\n<p>Entretanto, criar&nbsp;um calend\u00e1rio de publica\u00e7\u00f5es \u00e9 uma tarefa necess\u00e1ria e&nbsp;possui diversos benef\u00edcios. Vejamos alguns:<\/p>\n\n\n\n<h3 class=\"wp-block-heading\"><span class=\"ez-toc-section\" id=\"Ritmo_consistente_da_publicacao\"><\/span>Ritmo consistente da publica\u00e7\u00e3o<span class=\"ez-toc-section-end\"><\/span><\/h3>\n\n\n\n<p>Ao tra\u00e7ar um planejamento de m\u00eddias sociais, a frequ\u00eancia e consist\u00eancia das postagens&nbsp;permite que&nbsp;seu p\u00fablico saiba quando haver\u00e1 novos&nbsp;conte\u00fados e, assim, \u00e9 poss\u00edvel aumentar o engajamento. Al\u00e9m disso, essa const\u00e2ncia confere mais confian\u00e7a para o p\u00fablico. <\/p>\n\n\n\n<h3 class=\"wp-block-heading\"><span class=\"ez-toc-section\" id=\"Sensibilidade_aos_acontecimentos\"><\/span>Sensibilidade aos acontecimentos<span class=\"ez-toc-section-end\"><\/span><\/h3>\n\n\n\n<p>Quando o conte\u00fado de m\u00eddias sociais se ad\u00e9qua a um cronograma que d\u00e1 espa\u00e7o para&nbsp;datas comemorativas, eventos, feriados e campanhas sociais (Setembro Amarelo, Outubro Rosa etc), isso tamb\u00e9m demonstra ao p\u00fablico o comprometimento e a sensibilidade por parte da empresa.<br><\/p>\n\n\n\n<p>Al\u00e9m disso, todos os assuntos relacionados a eventos internos, bem como o lan\u00e7amento de novos produtos ou novidade nos servi\u00e7os devem constar no planejamento. Portanto, essa \u00e9 mais uma demonstra\u00e7\u00e3o da necessidade de uma programa\u00e7\u00e3o bem definida.<br><\/p>\n\n\n\n<h3 class=\"wp-block-heading\"><span class=\"ez-toc-section\" id=\"Envolvimento_no_processo\"><\/span>Envolvimento no processo<span class=\"ez-toc-section-end\"><\/span><\/h3>\n\n\n\n<p>O planejamento&nbsp;pr\u00e9vio, principalmente&nbsp;para m\u00eddias que demandam conte\u00fado em tempo real, cria a oportunidade de envolvimento de toda a equipe no processo, ao inv\u00e9s de deixar todo o trabalho nas m\u00e3os do gerente de m\u00eddias sociais. Essa coopera\u00e7\u00e3o gera mais engajamento interno, que significa um trabalho de maior qualidade e, consequentemente, com mais resultados.<br><\/p>\n\n\n\n<h2 class=\"wp-block-heading\"><span class=\"ez-toc-section\" id=\"Planejamento_de_midias_sociais_estrategias_de_oportunidade\"><\/span>Planejamento de m\u00eddias sociais: estrat\u00e9gias de oportunidade<span class=\"ez-toc-section-end\"><\/span><\/h2>\n\n\n\n<p>Al\u00e9m da gera\u00e7\u00e3o de tr\u00e1fego, o planejamento de m\u00eddias sociais tem o poder de converter o <em>lead<\/em> em cliente quando aproveita as oportunidades certas. Todavia, tudo o que falamos acima n\u00e3o surtir\u00e1 um aumento das vendas se o trabalho n\u00e3o for bem direcionado. E para isso o <strong>estudo das personas<\/strong> e o <strong>dom\u00ednio do funil de vendas<\/strong> \u00e9 essencial.<\/p>\n\n\n\n<p>Desse modo, ao selecionar as redes sociais e definir os perfis de cada p\u00fablico, o planejamento se torna o meio mais eficaz de promover o neg\u00f3cio. Contudo, a diversifica\u00e7\u00e3o dos formatos &#8211; blog posts, v\u00eddeos, infogr\u00e1ficos, entre tantos outros &#8211; \u00e9 parte importante do processo. Um conte\u00fado visual atraente e criativo deve&nbsp;ser a ess\u00eancia da campanha.<br><\/p>\n\n\n\n<p>Outro fator&nbsp;que merece aten\u00e7\u00e3o \u00e9 o de que as m\u00eddias sociais podem ser uma faca de dois gumes bastante afiada! Da mesma forma que elas t\u00eam o poder de elevar uma marca, o mesmo potencial pode servir para derrubar por completo a reputa\u00e7\u00e3o de uma empresa&nbsp;se o conte\u00fado n\u00e3o for bem pensado.<\/p>\n\n\n\n<p>Por isso, o planejamento de m\u00eddias sociais deve estar focado em construir bons relacionamentos. Assim, \u00e9 poss\u00edvel guiar o p\u00fablico atrav\u00e9s do funil de vendas com a m\u00e1xima efici\u00eancia.<\/p>\n\n\n\n<p><strong><em>Se voc\u00ea precisa criar uma estrat\u00e9gia de marketing com foco no planejamento de m\u00eddias sociais, pode contar com a GerenteWeb para ajudar a construir sua presen\u00e7a online! <a href=\"http:\/\/gerenteweb.com.br\/contato\">Entre em contato<\/a> conosco e saiba mais!<\/em><\/strong><\/p>\n","protected":false},"excerpt":{"rendered":"<p>Entenda como o planejamento de m\u00eddias sociais \u00e9 importante e porque ir al\u00e9m dele, aproveitando a din\u00e2mica do conte\u00fado online, tamb\u00e9m pode ser uma oportunidade de atrair o p\u00fablico e criar novas oportunidades de convers\u00e3o e venda.<\/p>\n","protected":false},"author":12,"featured_media":1239,"comment_status":"open","ping_status":"open","sticky":false,"template":"","format":"standard","meta":{"footnotes":""},"categories":[4],"tags":[44,48,46,47],"class_list":["post-1226","post","type-post","status-publish","format-standard","has-post-thumbnail","hentry","category-social-media","tag-estrategias-para-internet","tag-estrategias-para-midias-sociais","tag-marketing-de-oportunidade","tag-planejamento-midias-sociais"],"yoast_head":"<!-- This site is optimized with the Yoast SEO plugin v27.3 - https:\/\/yoast.com\/product\/yoast-seo-wordpress\/ -->\n<title>Planejamento de m\u00eddias sociais: como ir al\u00e9m? - GerenteWeb<\/title>\n<meta name=\"description\" content=\"O planejamento de m\u00eddias sociais \u00e9 fundamental para campanhas de sucesso. Mas voc\u00ea pode aproveitar oportunidades al\u00e9m do planejado para atrair o p\u00fablico.\" \/>\n<meta name=\"robots\" content=\"index, follow, max-snippet:-1, max-image-preview:large, max-video-preview:-1\" \/>\n<link rel=\"canonical\" href=\"https:\/\/conteudo.gerenteweb.com.br\/blog\/planejamento-de-midias-sociais-como-ir-alem\/\" \/>\n<meta property=\"og:locale\" content=\"pt_BR\" \/>\n<meta property=\"og:type\" content=\"article\" \/>\n<meta property=\"og:title\" content=\"Planejamento de m\u00eddias sociais: como ir al\u00e9m? - GerenteWeb\" \/>\n<meta property=\"og:description\" content=\"O planejamento de m\u00eddias sociais \u00e9 fundamental para campanhas de sucesso. Mas voc\u00ea pode aproveitar oportunidades al\u00e9m do planejado para atrair o p\u00fablico.\" \/>\n<meta property=\"og:url\" content=\"https:\/\/conteudo.gerenteweb.com.br\/blog\/planejamento-de-midias-sociais-como-ir-alem\/\" \/>\n<meta property=\"og:site_name\" content=\"GerenteWeb\" \/>\n<meta property=\"article:publisher\" content=\"https:\/\/www.facebook.com\/Gerenteweb\/\" \/>\n<meta property=\"article:published_time\" content=\"2019-11-27T13:00:37+00:00\" \/>\n<meta property=\"og:image\" content=\"https:\/\/conteudo.gerenteweb.com.br\/blog\/wp-content\/uploads\/2019\/11\/02_2019-11-12_artigos_gw.png\" \/>\n\t<meta property=\"og:image:width\" content=\"1200\" \/>\n\t<meta property=\"og:image:height\" content=\"628\" \/>\n\t<meta property=\"og:image:type\" content=\"image\/png\" \/>\n<meta name=\"author\" content=\"GerenteWeb\" \/>\n<meta name=\"twitter:card\" content=\"summary_large_image\" \/>\n<meta name=\"twitter:creator\" content=\"@gerenteweb\" \/>\n<meta name=\"twitter:site\" content=\"@gerenteweb\" \/>\n<meta name=\"twitter:label1\" content=\"Written by\" \/>\n\t<meta name=\"twitter:data1\" content=\"GerenteWeb\" \/>\n\t<meta name=\"twitter:label2\" content=\"Est. reading time\" \/>\n\t<meta name=\"twitter:data2\" content=\"4 minutos\" \/>\n<script type=\"application\/ld+json\" class=\"yoast-schema-graph\">{\"@context\":\"https:\\\/\\\/schema.org\",\"@graph\":[{\"@type\":\"Article\",\"@id\":\"https:\\\/\\\/conteudo.gerenteweb.com.br\\\/blog\\\/planejamento-de-midias-sociais-como-ir-alem\\\/#article\",\"isPartOf\":{\"@id\":\"https:\\\/\\\/conteudo.gerenteweb.com.br\\\/blog\\\/planejamento-de-midias-sociais-como-ir-alem\\\/\"},\"author\":{\"name\":\"GerenteWeb\",\"@id\":\"https:\\\/\\\/conteudo.gerenteweb.com.br\\\/blog\\\/#\\\/schema\\\/person\\\/1b005ed8f788faef1d88e84fdc852cfd\"},\"headline\":\"Planejamento de m\u00eddias sociais: como ir al\u00e9m?\",\"datePublished\":\"2019-11-27T13:00:37+00:00\",\"mainEntityOfPage\":{\"@id\":\"https:\\\/\\\/conteudo.gerenteweb.com.br\\\/blog\\\/planejamento-de-midias-sociais-como-ir-alem\\\/\"},\"wordCount\":825,\"commentCount\":0,\"publisher\":{\"@id\":\"https:\\\/\\\/conteudo.gerenteweb.com.br\\\/blog\\\/#organization\"},\"image\":{\"@id\":\"https:\\\/\\\/conteudo.gerenteweb.com.br\\\/blog\\\/planejamento-de-midias-sociais-como-ir-alem\\\/#primaryimage\"},\"thumbnailUrl\":\"https:\\\/\\\/conteudo.gerenteweb.com.br\\\/blog\\\/wp-content\\\/uploads\\\/2019\\\/11\\\/02_2019-11-12_artigos_gw.png\",\"keywords\":[\"estrat\u00e9gias para internet\",\"estrat\u00e9gias para m\u00eddias sociais\",\"marketing de oportunidade\",\"planejamento m\u00eddias sociais\"],\"articleSection\":[\"Social Media\"],\"inLanguage\":\"pt-BR\",\"potentialAction\":[{\"@type\":\"CommentAction\",\"name\":\"Comment\",\"target\":[\"https:\\\/\\\/conteudo.gerenteweb.com.br\\\/blog\\\/planejamento-de-midias-sociais-como-ir-alem\\\/#respond\"]}]},{\"@type\":\"WebPage\",\"@id\":\"https:\\\/\\\/conteudo.gerenteweb.com.br\\\/blog\\\/planejamento-de-midias-sociais-como-ir-alem\\\/\",\"url\":\"https:\\\/\\\/conteudo.gerenteweb.com.br\\\/blog\\\/planejamento-de-midias-sociais-como-ir-alem\\\/\",\"name\":\"Planejamento de m\u00eddias sociais: como ir al\u00e9m? - GerenteWeb\",\"isPartOf\":{\"@id\":\"https:\\\/\\\/conteudo.gerenteweb.com.br\\\/blog\\\/#website\"},\"primaryImageOfPage\":{\"@id\":\"https:\\\/\\\/conteudo.gerenteweb.com.br\\\/blog\\\/planejamento-de-midias-sociais-como-ir-alem\\\/#primaryimage\"},\"image\":{\"@id\":\"https:\\\/\\\/conteudo.gerenteweb.com.br\\\/blog\\\/planejamento-de-midias-sociais-como-ir-alem\\\/#primaryimage\"},\"thumbnailUrl\":\"https:\\\/\\\/conteudo.gerenteweb.com.br\\\/blog\\\/wp-content\\\/uploads\\\/2019\\\/11\\\/02_2019-11-12_artigos_gw.png\",\"datePublished\":\"2019-11-27T13:00:37+00:00\",\"description\":\"O planejamento de m\u00eddias sociais \u00e9 fundamental para campanhas de sucesso. Mas voc\u00ea pode aproveitar oportunidades al\u00e9m do planejado para atrair o p\u00fablico.\",\"breadcrumb\":{\"@id\":\"https:\\\/\\\/conteudo.gerenteweb.com.br\\\/blog\\\/planejamento-de-midias-sociais-como-ir-alem\\\/#breadcrumb\"},\"inLanguage\":\"pt-BR\",\"potentialAction\":[{\"@type\":\"ReadAction\",\"target\":[\"https:\\\/\\\/conteudo.gerenteweb.com.br\\\/blog\\\/planejamento-de-midias-sociais-como-ir-alem\\\/\"]}]},{\"@type\":\"ImageObject\",\"inLanguage\":\"pt-BR\",\"@id\":\"https:\\\/\\\/conteudo.gerenteweb.com.br\\\/blog\\\/planejamento-de-midias-sociais-como-ir-alem\\\/#primaryimage\",\"url\":\"https:\\\/\\\/conteudo.gerenteweb.com.br\\\/blog\\\/wp-content\\\/uploads\\\/2019\\\/11\\\/02_2019-11-12_artigos_gw.png\",\"contentUrl\":\"https:\\\/\\\/conteudo.gerenteweb.com.br\\\/blog\\\/wp-content\\\/uploads\\\/2019\\\/11\\\/02_2019-11-12_artigos_gw.png\",\"width\":1200,\"height\":628,\"caption\":\"Planejamento de m\u00eddias sociais: como ir al\u00e9m?\"},{\"@type\":\"BreadcrumbList\",\"@id\":\"https:\\\/\\\/conteudo.gerenteweb.com.br\\\/blog\\\/planejamento-de-midias-sociais-como-ir-alem\\\/#breadcrumb\",\"itemListElement\":[{\"@type\":\"ListItem\",\"position\":1,\"name\":\"In\u00edcio\",\"item\":\"https:\\\/\\\/conteudo.gerenteweb.com.br\\\/blog\\\/\"},{\"@type\":\"ListItem\",\"position\":2,\"name\":\"Planejamento de m\u00eddias sociais: como ir al\u00e9m?\"}]},{\"@type\":\"WebSite\",\"@id\":\"https:\\\/\\\/conteudo.gerenteweb.com.br\\\/blog\\\/#website\",\"url\":\"https:\\\/\\\/conteudo.gerenteweb.com.br\\\/blog\\\/\",\"name\":\"GerenteWeb\",\"description\":\"Marketing Digital\",\"publisher\":{\"@id\":\"https:\\\/\\\/conteudo.gerenteweb.com.br\\\/blog\\\/#organization\"},\"potentialAction\":[{\"@type\":\"SearchAction\",\"target\":{\"@type\":\"EntryPoint\",\"urlTemplate\":\"https:\\\/\\\/conteudo.gerenteweb.com.br\\\/blog\\\/?s={search_term_string}\"},\"query-input\":{\"@type\":\"PropertyValueSpecification\",\"valueRequired\":true,\"valueName\":\"search_term_string\"}}],\"inLanguage\":\"pt-BR\"},{\"@type\":\"Organization\",\"@id\":\"https:\\\/\\\/conteudo.gerenteweb.com.br\\\/blog\\\/#organization\",\"name\":\"GerenteWeb\",\"url\":\"https:\\\/\\\/conteudo.gerenteweb.com.br\\\/blog\\\/\",\"logo\":{\"@type\":\"ImageObject\",\"inLanguage\":\"pt-BR\",\"@id\":\"https:\\\/\\\/conteudo.gerenteweb.com.br\\\/blog\\\/#\\\/schema\\\/logo\\\/image\\\/\",\"url\":\"https:\\\/\\\/conteudo.gerenteweb.com.br\\\/blog\\\/wp-content\\\/uploads\\\/2015\\\/12\\\/logo-gerenteweb.png\",\"contentUrl\":\"https:\\\/\\\/conteudo.gerenteweb.com.br\\\/blog\\\/wp-content\\\/uploads\\\/2015\\\/12\\\/logo-gerenteweb.png\",\"width\":229,\"height\":54,\"caption\":\"GerenteWeb\"},\"image\":{\"@id\":\"https:\\\/\\\/conteudo.gerenteweb.com.br\\\/blog\\\/#\\\/schema\\\/logo\\\/image\\\/\"},\"sameAs\":[\"https:\\\/\\\/www.facebook.com\\\/Gerenteweb\\\/\",\"https:\\\/\\\/x.com\\\/gerenteweb\",\"https:\\\/\\\/www.linkedin.com\\\/company\\\/gerenteweb\"]},{\"@type\":\"Person\",\"@id\":\"https:\\\/\\\/conteudo.gerenteweb.com.br\\\/blog\\\/#\\\/schema\\\/person\\\/1b005ed8f788faef1d88e84fdc852cfd\",\"name\":\"GerenteWeb\",\"image\":{\"@type\":\"ImageObject\",\"inLanguage\":\"pt-BR\",\"@id\":\"https:\\\/\\\/secure.gravatar.com\\\/avatar\\\/e02051ad67285639be82255b4e8a9b70ccdca847d2f116011090b0d0c308b788?s=96&d=mm&r=g\",\"url\":\"https:\\\/\\\/secure.gravatar.com\\\/avatar\\\/e02051ad67285639be82255b4e8a9b70ccdca847d2f116011090b0d0c308b788?s=96&d=mm&r=g\",\"contentUrl\":\"https:\\\/\\\/secure.gravatar.com\\\/avatar\\\/e02051ad67285639be82255b4e8a9b70ccdca847d2f116011090b0d0c308b788?s=96&d=mm&r=g\",\"caption\":\"GerenteWeb\"},\"url\":\"https:\\\/\\\/conteudo.gerenteweb.com.br\\\/blog\\\/author\\\/gerenteweb\\\/\"}]}<\/script>\n<!-- \/ Yoast SEO plugin. -->","yoast_head_json":{"title":"Planejamento de m\u00eddias sociais: como ir al\u00e9m? - GerenteWeb","description":"O planejamento de m\u00eddias sociais \u00e9 fundamental para campanhas de sucesso. Mas voc\u00ea pode aproveitar oportunidades al\u00e9m do planejado para atrair o p\u00fablico.","robots":{"index":"index","follow":"follow","max-snippet":"max-snippet:-1","max-image-preview":"max-image-preview:large","max-video-preview":"max-video-preview:-1"},"canonical":"https:\/\/conteudo.gerenteweb.com.br\/blog\/planejamento-de-midias-sociais-como-ir-alem\/","og_locale":"pt_BR","og_type":"article","og_title":"Planejamento de m\u00eddias sociais: como ir al\u00e9m? - GerenteWeb","og_description":"O planejamento de m\u00eddias sociais \u00e9 fundamental para campanhas de sucesso. Mas voc\u00ea pode aproveitar oportunidades al\u00e9m do planejado para atrair o p\u00fablico.","og_url":"https:\/\/conteudo.gerenteweb.com.br\/blog\/planejamento-de-midias-sociais-como-ir-alem\/","og_site_name":"GerenteWeb","article_publisher":"https:\/\/www.facebook.com\/Gerenteweb\/","article_published_time":"2019-11-27T13:00:37+00:00","og_image":[{"width":1200,"height":628,"url":"https:\/\/conteudo.gerenteweb.com.br\/blog\/wp-content\/uploads\/2019\/11\/02_2019-11-12_artigos_gw.png","type":"image\/png"}],"author":"GerenteWeb","twitter_card":"summary_large_image","twitter_creator":"@gerenteweb","twitter_site":"@gerenteweb","twitter_misc":{"Written by":"GerenteWeb","Est. reading time":"4 minutos"},"schema":{"@context":"https:\/\/schema.org","@graph":[{"@type":"Article","@id":"https:\/\/conteudo.gerenteweb.com.br\/blog\/planejamento-de-midias-sociais-como-ir-alem\/#article","isPartOf":{"@id":"https:\/\/conteudo.gerenteweb.com.br\/blog\/planejamento-de-midias-sociais-como-ir-alem\/"},"author":{"name":"GerenteWeb","@id":"https:\/\/conteudo.gerenteweb.com.br\/blog\/#\/schema\/person\/1b005ed8f788faef1d88e84fdc852cfd"},"headline":"Planejamento de m\u00eddias sociais: como ir al\u00e9m?","datePublished":"2019-11-27T13:00:37+00:00","mainEntityOfPage":{"@id":"https:\/\/conteudo.gerenteweb.com.br\/blog\/planejamento-de-midias-sociais-como-ir-alem\/"},"wordCount":825,"commentCount":0,"publisher":{"@id":"https:\/\/conteudo.gerenteweb.com.br\/blog\/#organization"},"image":{"@id":"https:\/\/conteudo.gerenteweb.com.br\/blog\/planejamento-de-midias-sociais-como-ir-alem\/#primaryimage"},"thumbnailUrl":"https:\/\/conteudo.gerenteweb.com.br\/blog\/wp-content\/uploads\/2019\/11\/02_2019-11-12_artigos_gw.png","keywords":["estrat\u00e9gias para internet","estrat\u00e9gias para m\u00eddias sociais","marketing de oportunidade","planejamento m\u00eddias sociais"],"articleSection":["Social Media"],"inLanguage":"pt-BR","potentialAction":[{"@type":"CommentAction","name":"Comment","target":["https:\/\/conteudo.gerenteweb.com.br\/blog\/planejamento-de-midias-sociais-como-ir-alem\/#respond"]}]},{"@type":"WebPage","@id":"https:\/\/conteudo.gerenteweb.com.br\/blog\/planejamento-de-midias-sociais-como-ir-alem\/","url":"https:\/\/conteudo.gerenteweb.com.br\/blog\/planejamento-de-midias-sociais-como-ir-alem\/","name":"Planejamento de m\u00eddias sociais: como ir al\u00e9m? - GerenteWeb","isPartOf":{"@id":"https:\/\/conteudo.gerenteweb.com.br\/blog\/#website"},"primaryImageOfPage":{"@id":"https:\/\/conteudo.gerenteweb.com.br\/blog\/planejamento-de-midias-sociais-como-ir-alem\/#primaryimage"},"image":{"@id":"https:\/\/conteudo.gerenteweb.com.br\/blog\/planejamento-de-midias-sociais-como-ir-alem\/#primaryimage"},"thumbnailUrl":"https:\/\/conteudo.gerenteweb.com.br\/blog\/wp-content\/uploads\/2019\/11\/02_2019-11-12_artigos_gw.png","datePublished":"2019-11-27T13:00:37+00:00","description":"O planejamento de m\u00eddias sociais \u00e9 fundamental para campanhas de sucesso. Mas voc\u00ea pode aproveitar oportunidades al\u00e9m do planejado para atrair o p\u00fablico.","breadcrumb":{"@id":"https:\/\/conteudo.gerenteweb.com.br\/blog\/planejamento-de-midias-sociais-como-ir-alem\/#breadcrumb"},"inLanguage":"pt-BR","potentialAction":[{"@type":"ReadAction","target":["https:\/\/conteudo.gerenteweb.com.br\/blog\/planejamento-de-midias-sociais-como-ir-alem\/"]}]},{"@type":"ImageObject","inLanguage":"pt-BR","@id":"https:\/\/conteudo.gerenteweb.com.br\/blog\/planejamento-de-midias-sociais-como-ir-alem\/#primaryimage","url":"https:\/\/conteudo.gerenteweb.com.br\/blog\/wp-content\/uploads\/2019\/11\/02_2019-11-12_artigos_gw.png","contentUrl":"https:\/\/conteudo.gerenteweb.com.br\/blog\/wp-content\/uploads\/2019\/11\/02_2019-11-12_artigos_gw.png","width":1200,"height":628,"caption":"Planejamento de m\u00eddias sociais: como ir al\u00e9m?"},{"@type":"BreadcrumbList","@id":"https:\/\/conteudo.gerenteweb.com.br\/blog\/planejamento-de-midias-sociais-como-ir-alem\/#breadcrumb","itemListElement":[{"@type":"ListItem","position":1,"name":"In\u00edcio","item":"https:\/\/conteudo.gerenteweb.com.br\/blog\/"},{"@type":"ListItem","position":2,"name":"Planejamento de m\u00eddias sociais: como ir al\u00e9m?"}]},{"@type":"WebSite","@id":"https:\/\/conteudo.gerenteweb.com.br\/blog\/#website","url":"https:\/\/conteudo.gerenteweb.com.br\/blog\/","name":"GerenteWeb","description":"Marketing Digital","publisher":{"@id":"https:\/\/conteudo.gerenteweb.com.br\/blog\/#organization"},"potentialAction":[{"@type":"SearchAction","target":{"@type":"EntryPoint","urlTemplate":"https:\/\/conteudo.gerenteweb.com.br\/blog\/?s={search_term_string}"},"query-input":{"@type":"PropertyValueSpecification","valueRequired":true,"valueName":"search_term_string"}}],"inLanguage":"pt-BR"},{"@type":"Organization","@id":"https:\/\/conteudo.gerenteweb.com.br\/blog\/#organization","name":"GerenteWeb","url":"https:\/\/conteudo.gerenteweb.com.br\/blog\/","logo":{"@type":"ImageObject","inLanguage":"pt-BR","@id":"https:\/\/conteudo.gerenteweb.com.br\/blog\/#\/schema\/logo\/image\/","url":"https:\/\/conteudo.gerenteweb.com.br\/blog\/wp-content\/uploads\/2015\/12\/logo-gerenteweb.png","contentUrl":"https:\/\/conteudo.gerenteweb.com.br\/blog\/wp-content\/uploads\/2015\/12\/logo-gerenteweb.png","width":229,"height":54,"caption":"GerenteWeb"},"image":{"@id":"https:\/\/conteudo.gerenteweb.com.br\/blog\/#\/schema\/logo\/image\/"},"sameAs":["https:\/\/www.facebook.com\/Gerenteweb\/","https:\/\/x.com\/gerenteweb","https:\/\/www.linkedin.com\/company\/gerenteweb"]},{"@type":"Person","@id":"https:\/\/conteudo.gerenteweb.com.br\/blog\/#\/schema\/person\/1b005ed8f788faef1d88e84fdc852cfd","name":"GerenteWeb","image":{"@type":"ImageObject","inLanguage":"pt-BR","@id":"https:\/\/secure.gravatar.com\/avatar\/e02051ad67285639be82255b4e8a9b70ccdca847d2f116011090b0d0c308b788?s=96&d=mm&r=g","url":"https:\/\/secure.gravatar.com\/avatar\/e02051ad67285639be82255b4e8a9b70ccdca847d2f116011090b0d0c308b788?s=96&d=mm&r=g","contentUrl":"https:\/\/secure.gravatar.com\/avatar\/e02051ad67285639be82255b4e8a9b70ccdca847d2f116011090b0d0c308b788?s=96&d=mm&r=g","caption":"GerenteWeb"},"url":"https:\/\/conteudo.gerenteweb.com.br\/blog\/author\/gerenteweb\/"}]}},"_links":{"self":[{"href":"https:\/\/conteudo.gerenteweb.com.br\/blog\/wp-json\/wp\/v2\/posts\/1226","targetHints":{"allow":["GET"]}}],"collection":[{"href":"https:\/\/conteudo.gerenteweb.com.br\/blog\/wp-json\/wp\/v2\/posts"}],"about":[{"href":"https:\/\/conteudo.gerenteweb.com.br\/blog\/wp-json\/wp\/v2\/types\/post"}],"author":[{"embeddable":true,"href":"https:\/\/conteudo.gerenteweb.com.br\/blog\/wp-json\/wp\/v2\/users\/12"}],"replies":[{"embeddable":true,"href":"https:\/\/conteudo.gerenteweb.com.br\/blog\/wp-json\/wp\/v2\/comments?post=1226"}],"version-history":[{"count":3,"href":"https:\/\/conteudo.gerenteweb.com.br\/blog\/wp-json\/wp\/v2\/posts\/1226\/revisions"}],"predecessor-version":[{"id":1240,"href":"https:\/\/conteudo.gerenteweb.com.br\/blog\/wp-json\/wp\/v2\/posts\/1226\/revisions\/1240"}],"wp:featuredmedia":[{"embeddable":true,"href":"https:\/\/conteudo.gerenteweb.com.br\/blog\/wp-json\/wp\/v2\/media\/1239"}],"wp:attachment":[{"href":"https:\/\/conteudo.gerenteweb.com.br\/blog\/wp-json\/wp\/v2\/media?parent=1226"}],"wp:term":[{"taxonomy":"category","embeddable":true,"href":"https:\/\/conteudo.gerenteweb.com.br\/blog\/wp-json\/wp\/v2\/categories?post=1226"},{"taxonomy":"post_tag","embeddable":true,"href":"https:\/\/conteudo.gerenteweb.com.br\/blog\/wp-json\/wp\/v2\/tags?post=1226"}],"curies":[{"name":"wp","href":"https:\/\/api.w.org\/{rel}","templated":true}]}}