{"id":1379,"date":"2020-07-08T10:00:00","date_gmt":"2020-07-08T13:00:00","guid":{"rendered":"http:\/\/conteudo.gerenteweb.com.br\/blog\/?p=1379"},"modified":"2020-08-24T11:59:36","modified_gmt":"2020-08-24T14:59:36","slug":"retencao-de-clientes","status":"publish","type":"post","link":"https:\/\/conteudo.gerenteweb.com.br\/blog\/retencao-de-clientes\/","title":{"rendered":"Reten\u00e7\u00e3o de clientes: como agir na crise"},"content":{"rendered":"\n<p>N\u00e3o h\u00e1 como negar: em tempos de pandemia, a reten\u00e7\u00e3o de clientes, para muitas empresas, pode significar a sobrevida do neg\u00f3cio. Isso porque, neste per\u00edodo, os desafios para conquistar novos compradores s\u00e3o bem maiores que antes, j\u00e1 que a crise imp\u00f4s prioridades diferentes para muita gente.<\/p>\n\n\n\n<p>Mas a verdade \u00e9 que reter clientes n\u00e3o deveria ser prioridade somente em tempos de crise. Grandes empresas, inclusive, sabem disso. Afinal, basta uma conta simples para descobrirmos que o custo de aquisi\u00e7\u00e3o de um novo cliente \u00e9 maior se comparado a manuten\u00e7\u00e3o de um cliente antigo, que esteja satisfeito com a sua marca e realizando <em>upsell<\/em>.<\/p>\n\n\n\n<p>Isso n\u00e3o significa, contudo, que voc\u00ea deva oferecer novos produtos e servi\u00e7os o tempo todo com o \u00fanico objetivo de aumentar a receita da sua empresa. O <em>upsell <\/em>precisa fazer sentido para a etapa em que o seu cliente est\u00e1 e se isso realmente vai ajud\u00e1-lo a atingir o sucesso que ele espera.&nbsp;<\/p>\n\n\n\n<p>Assim, o que vai fidelizar um cliente n\u00e3o \u00e9 se ele est\u00e1 feliz com o seu atendimento, nem se voc\u00ea entregou o que prometeu, ou se ele sabe fazer uso do seu produto ou servi\u00e7o corretamente. O que determina quem fica e quem sai \u00e9 se a solu\u00e7\u00e3o que voc\u00ea vendeu foi capaz de ajudar o cliente a atingir os objetivos do neg\u00f3cio.&nbsp;<\/p>\n\n\n\n<p>\u00c9 sobre isso que iremos tratar neste artigo: como reter com qualidade e efici\u00eancia sua carteira de clientes e vencer a crise de forma estrat\u00e9gica. N\u00e3o perca.<\/p>\n\n\n\n<h2 class=\"wp-block-heading\">Reten\u00e7\u00e3o de clientes: conhecendo as dores em meio \u00e0 crise<\/h2>\n\n\n\n<p>Ouvir. Essa \u00e9 uma palavra m\u00e1gica que muitas empresas n\u00e3o d\u00e3o o devido valor. Mas \u00e9 justamente esse verbo que vai te ajudar a entender as dores do seu cliente. Se voc\u00ea n\u00e3o ouvi-lo, se n\u00e3o estiver presente, estudando o mercado e compreendendo em que p\u00e9 ele est\u00e1, dificilmente voc\u00ea poder\u00e1 ser \u00fatil para o seu cliente.<\/p>\n\n\n\n<p>Ora, as empresas que se destacam s\u00e3o justamente aquelas que t\u00eam empatia pelos seus clientes e est\u00e3o prontas para sugerir melhorias antes do cliente pedir. Em meio a esse caos de pandemia, voc\u00ea precisa ser a pessoa que vai pensar fora da caixa para ajudar o seu cliente a continuar a jornada sem sofrer tantos impactos.<\/p>\n\n\n\n<p>Lembre-se que o relacionamento e a confian\u00e7a s\u00e3o pe\u00e7as chave para uma fideliza\u00e7\u00e3o verdadeiramente eficaz. Para isso, invista em seus canais de comunica\u00e7\u00e3o para que o seu cliente n\u00e3o tenha dificuldades em te encontrar.<\/p>\n\n\n\n<p>Dedique aten\u00e7\u00e3o e investimento em suas redes sociais e nas <a href=\"http:\/\/conteudo.gerenteweb.com.br\/blog\/ferramentas-de-marketing-digital\/\">a\u00e7\u00f5es de marketing<\/a> que alcancem estrategicamente seus clientes. \u00c9 muito importante que eles saibam, com clareza, como e onde te encontrar e de que maneira voc\u00ea pode ajud\u00e1-los. Essa comunica\u00e7\u00e3o vai mostrar para eles que voc\u00ea n\u00e3o est\u00e1 passivo, mas atento e dispon\u00edvel.&nbsp;<\/p>\n\n\n\n<h2 class=\"wp-block-heading\">Ajude o seu cliente a superar desafios propondo ideias e solu\u00e7\u00f5es&nbsp;<\/h2>\n\n\n\n<p>A quest\u00e3o de ordem \u00e9: seja mais ativo do que reativo. O mercado n\u00e3o espera, tudo \u00e9 din\u00e2mico e muda o tempo todo. Se sua empresa n\u00e3o estiver atenta a isso, dificilmente conseguir\u00e1 manter os clientes por bastante tempo.&nbsp;<\/p>\n\n\n\n<p>Por isso, al\u00e9m de ouvir as dores do seu cliente, voc\u00ea precisa estudar, o tempo todo, como est\u00e1 o mercado em que ele atua, quais ser\u00e3o os desafios do segmento a curto e m\u00e9dio prazo e se antecipar a poss\u00edveis questionamentos no futuro.<\/p>\n\n\n\n<p>Mais do que ouvir e compreender o mercado da sua clientela, voc\u00ea precisa assumir uma posi\u00e7\u00e3o pr\u00f3-ativa e executora. Esperar de forma passiva que essa onda ruim passe, definitivamente, n\u00e3o \u00e9 uma boa escolha.&nbsp;<\/p>\n\n\n\n<p>Ao contr\u00e1rio, diferencie-se, coloque-se \u00e0 disposi\u00e7\u00e3o e traga ideias claras e pr\u00e1ticas que possam contribuir de alguma forma para amenizar a dor do seu cliente.&nbsp;<\/p>\n\n\n\n<h2 class=\"wp-block-heading\">Reten\u00e7\u00e3o de clientes na pr\u00e1tica: Continue entregando valor<\/h2>\n\n\n\n<p>Mesmo com tantos desafios, voc\u00ea deve continuar entregando valor ao seus clientes. Seu produto ou servi\u00e7o precisa fazer sentido na jornada que o seu cliente est\u00e1 percorrendo. Ele precisa ter a clara percep\u00e7\u00e3o de que a solu\u00e7\u00e3o que voc\u00ea vendeu n\u00e3o pode ser descartada neste momento, j\u00e1 que ela \u00e9 fundamental para que ele se mantenha vivo no mercado.<\/p>\n\n\n\n<p>Quando falamos em valor, n\u00e3o falamos somente em vendas. Cada neg\u00f3cio tem seus objetivos e fases diferentes. Claro que o objetivo final \u00e9 vender, mas para chegar l\u00e1 muitos processos precisam ser estabelecidos de modo que a ponta funcione bem.<\/p>\n\n\n\n<p>Por isso, tenha a clareza da etapa que o seu cliente est\u00e1 e se o seu servi\u00e7o o tem ajudado a superar cada uma delas.&nbsp;<\/p>\n\n\n\n<p>Por \u00faltimo, seja flex\u00edvel. Isso tamb\u00e9m pode ser considerada uma entrega de valor. Ofere\u00e7a descontos ou alguma isen\u00e7\u00e3o se essa for uma das dores do seu cliente. Mostre-se atento e preocupado em ajudar. Afinal, o sucesso do seu cliente \u00e9 tamb\u00e9m o seu sucesso.<\/p>\n\n\n\n<p>Gostou do conte\u00fado e quer saber mais sobre o assunto? Ent\u00e3o, fique por dentro das novidades que compartilhamos em nossa p\u00e1gina no <a href=\"https:\/\/www.facebook.com\/Gerenteweb\">Facebook<\/a>. <\/p>\n","protected":false},"excerpt":{"rendered":"<p>N\u00e3o h\u00e1 como negar: em tempos de pandemia, a reten\u00e7\u00e3o de clientes, para muitas empresas, pode significar a sobrevida do neg\u00f3cio. Isso porque, neste per\u00edodo, os desafios para conquistar novos compradores s\u00e3o bem maiores que antes, j\u00e1 que a crise imp\u00f4s prioridades diferentes para muita gente. Mas a verdade \u00e9 que reter clientes n\u00e3o deveria &hellip; <\/p>\n<p class=\"link-more\"><a href=\"https:\/\/conteudo.gerenteweb.com.br\/blog\/retencao-de-clientes\/\" class=\"more-link\">Continue lendo<span class=\"screen-reader-text\"> &#8220;Reten\u00e7\u00e3o de clientes: como agir na crise&#8221;<\/span><\/a><\/p>\n","protected":false},"author":5,"featured_media":1411,"comment_status":"open","ping_status":"open","sticky":false,"template":"","format":"standard","meta":{"footnotes":""},"categories":[5],"tags":[80,39,79,78],"class_list":["post-1379","post","type-post","status-publish","format-standard","has-post-thumbnail","hentry","category-marketing-digital","tag-acoes-de-marketing","tag-atrair-clientes","tag-reter-clientes","tag-upsell"],"yoast_head":"<!-- This site is optimized with the Yoast SEO plugin v27.3 - https:\/\/yoast.com\/product\/yoast-seo-wordpress\/ -->\n<title>Reten\u00e7\u00e3o de clientes: como agir na crise - GerenteWeb<\/title>\n<meta name=\"description\" content=\"A reten\u00e7\u00e3o de clientes se tornou pe\u00e7a-chave em meio \u00e0 crise econ\u00f4mica atual. Neste artigo, explicamos as melhores pr\u00e1ticas para uma fideliza\u00e7\u00e3o eficiente.\" \/>\n<meta name=\"robots\" content=\"index, follow, max-snippet:-1, max-image-preview:large, max-video-preview:-1\" \/>\n<link rel=\"canonical\" href=\"https:\/\/conteudo.gerenteweb.com.br\/blog\/retencao-de-clientes\/\" \/>\n<meta property=\"og:locale\" content=\"pt_BR\" \/>\n<meta property=\"og:type\" content=\"article\" \/>\n<meta property=\"og:title\" content=\"Reten\u00e7\u00e3o de clientes: como agir na crise - GerenteWeb\" \/>\n<meta property=\"og:description\" content=\"A reten\u00e7\u00e3o de clientes se tornou pe\u00e7a-chave em meio \u00e0 crise econ\u00f4mica atual. Neste artigo, explicamos as melhores pr\u00e1ticas para uma fideliza\u00e7\u00e3o eficiente.\" \/>\n<meta property=\"og:url\" content=\"https:\/\/conteudo.gerenteweb.com.br\/blog\/retencao-de-clientes\/\" \/>\n<meta property=\"og:site_name\" content=\"GerenteWeb\" \/>\n<meta property=\"article:publisher\" content=\"https:\/\/www.facebook.com\/Gerenteweb\/\" \/>\n<meta property=\"article:published_time\" content=\"2020-07-08T13:00:00+00:00\" \/>\n<meta property=\"article:modified_time\" content=\"2020-08-24T14:59:36+00:00\" \/>\n<meta property=\"og:image\" content=\"https:\/\/conteudo.gerenteweb.com.br\/blog\/wp-content\/uploads\/2020\/07\/retencao-de-clientes-2.jpg\" \/>\n\t<meta property=\"og:image:width\" content=\"1200\" \/>\n\t<meta property=\"og:image:height\" content=\"628\" \/>\n\t<meta property=\"og:image:type\" content=\"image\/jpeg\" \/>\n<meta name=\"author\" content=\"Matheus Zimbres\" \/>\n<meta name=\"twitter:card\" content=\"summary_large_image\" \/>\n<meta name=\"twitter:creator\" content=\"@gerenteweb\" \/>\n<meta name=\"twitter:site\" content=\"@gerenteweb\" \/>\n<meta name=\"twitter:label1\" content=\"Written by\" \/>\n\t<meta name=\"twitter:data1\" content=\"Matheus Zimbres\" \/>\n\t<meta name=\"twitter:label2\" content=\"Est. reading time\" \/>\n\t<meta name=\"twitter:data2\" content=\"4 minutos\" \/>\n<script type=\"application\/ld+json\" class=\"yoast-schema-graph\">{\"@context\":\"https:\\\/\\\/schema.org\",\"@graph\":[{\"@type\":\"Article\",\"@id\":\"https:\\\/\\\/conteudo.gerenteweb.com.br\\\/blog\\\/retencao-de-clientes\\\/#article\",\"isPartOf\":{\"@id\":\"https:\\\/\\\/conteudo.gerenteweb.com.br\\\/blog\\\/retencao-de-clientes\\\/\"},\"author\":{\"name\":\"Matheus Zimbres\",\"@id\":\"https:\\\/\\\/conteudo.gerenteweb.com.br\\\/blog\\\/#\\\/schema\\\/person\\\/ddc33575d179ff76a59a3542d9df7156\"},\"headline\":\"Reten\u00e7\u00e3o de clientes: como agir na crise\",\"datePublished\":\"2020-07-08T13:00:00+00:00\",\"dateModified\":\"2020-08-24T14:59:36+00:00\",\"mainEntityOfPage\":{\"@id\":\"https:\\\/\\\/conteudo.gerenteweb.com.br\\\/blog\\\/retencao-de-clientes\\\/\"},\"wordCount\":879,\"commentCount\":0,\"publisher\":{\"@id\":\"https:\\\/\\\/conteudo.gerenteweb.com.br\\\/blog\\\/#organization\"},\"image\":{\"@id\":\"https:\\\/\\\/conteudo.gerenteweb.com.br\\\/blog\\\/retencao-de-clientes\\\/#primaryimage\"},\"thumbnailUrl\":\"https:\\\/\\\/conteudo.gerenteweb.com.br\\\/blog\\\/wp-content\\\/uploads\\\/2020\\\/07\\\/retencao-de-clientes-2.jpg\",\"keywords\":[\"a\u00e7\u00f5es de marketing\",\"atrair clientes\",\"reter clientes\",\"upsell\"],\"articleSection\":[\"Marketing Digital\"],\"inLanguage\":\"pt-BR\",\"potentialAction\":[{\"@type\":\"CommentAction\",\"name\":\"Comment\",\"target\":[\"https:\\\/\\\/conteudo.gerenteweb.com.br\\\/blog\\\/retencao-de-clientes\\\/#respond\"]}]},{\"@type\":\"WebPage\",\"@id\":\"https:\\\/\\\/conteudo.gerenteweb.com.br\\\/blog\\\/retencao-de-clientes\\\/\",\"url\":\"https:\\\/\\\/conteudo.gerenteweb.com.br\\\/blog\\\/retencao-de-clientes\\\/\",\"name\":\"Reten\u00e7\u00e3o de clientes: como agir na crise - GerenteWeb\",\"isPartOf\":{\"@id\":\"https:\\\/\\\/conteudo.gerenteweb.com.br\\\/blog\\\/#website\"},\"primaryImageOfPage\":{\"@id\":\"https:\\\/\\\/conteudo.gerenteweb.com.br\\\/blog\\\/retencao-de-clientes\\\/#primaryimage\"},\"image\":{\"@id\":\"https:\\\/\\\/conteudo.gerenteweb.com.br\\\/blog\\\/retencao-de-clientes\\\/#primaryimage\"},\"thumbnailUrl\":\"https:\\\/\\\/conteudo.gerenteweb.com.br\\\/blog\\\/wp-content\\\/uploads\\\/2020\\\/07\\\/retencao-de-clientes-2.jpg\",\"datePublished\":\"2020-07-08T13:00:00+00:00\",\"dateModified\":\"2020-08-24T14:59:36+00:00\",\"description\":\"A reten\u00e7\u00e3o de clientes se tornou pe\u00e7a-chave em meio \u00e0 crise econ\u00f4mica atual. Neste artigo, explicamos as melhores pr\u00e1ticas para uma fideliza\u00e7\u00e3o eficiente.\",\"breadcrumb\":{\"@id\":\"https:\\\/\\\/conteudo.gerenteweb.com.br\\\/blog\\\/retencao-de-clientes\\\/#breadcrumb\"},\"inLanguage\":\"pt-BR\",\"potentialAction\":[{\"@type\":\"ReadAction\",\"target\":[\"https:\\\/\\\/conteudo.gerenteweb.com.br\\\/blog\\\/retencao-de-clientes\\\/\"]}]},{\"@type\":\"ImageObject\",\"inLanguage\":\"pt-BR\",\"@id\":\"https:\\\/\\\/conteudo.gerenteweb.com.br\\\/blog\\\/retencao-de-clientes\\\/#primaryimage\",\"url\":\"https:\\\/\\\/conteudo.gerenteweb.com.br\\\/blog\\\/wp-content\\\/uploads\\\/2020\\\/07\\\/retencao-de-clientes-2.jpg\",\"contentUrl\":\"https:\\\/\\\/conteudo.gerenteweb.com.br\\\/blog\\\/wp-content\\\/uploads\\\/2020\\\/07\\\/retencao-de-clientes-2.jpg\",\"width\":1200,\"height\":628,\"caption\":\"reten\u00e7\u00e3o de clientes em meio \u00e0 crise\"},{\"@type\":\"BreadcrumbList\",\"@id\":\"https:\\\/\\\/conteudo.gerenteweb.com.br\\\/blog\\\/retencao-de-clientes\\\/#breadcrumb\",\"itemListElement\":[{\"@type\":\"ListItem\",\"position\":1,\"name\":\"In\u00edcio\",\"item\":\"https:\\\/\\\/conteudo.gerenteweb.com.br\\\/blog\\\/\"},{\"@type\":\"ListItem\",\"position\":2,\"name\":\"Reten\u00e7\u00e3o de clientes: como agir na crise\"}]},{\"@type\":\"WebSite\",\"@id\":\"https:\\\/\\\/conteudo.gerenteweb.com.br\\\/blog\\\/#website\",\"url\":\"https:\\\/\\\/conteudo.gerenteweb.com.br\\\/blog\\\/\",\"name\":\"GerenteWeb\",\"description\":\"Marketing Digital\",\"publisher\":{\"@id\":\"https:\\\/\\\/conteudo.gerenteweb.com.br\\\/blog\\\/#organization\"},\"potentialAction\":[{\"@type\":\"SearchAction\",\"target\":{\"@type\":\"EntryPoint\",\"urlTemplate\":\"https:\\\/\\\/conteudo.gerenteweb.com.br\\\/blog\\\/?s={search_term_string}\"},\"query-input\":{\"@type\":\"PropertyValueSpecification\",\"valueRequired\":true,\"valueName\":\"search_term_string\"}}],\"inLanguage\":\"pt-BR\"},{\"@type\":\"Organization\",\"@id\":\"https:\\\/\\\/conteudo.gerenteweb.com.br\\\/blog\\\/#organization\",\"name\":\"GerenteWeb\",\"url\":\"https:\\\/\\\/conteudo.gerenteweb.com.br\\\/blog\\\/\",\"logo\":{\"@type\":\"ImageObject\",\"inLanguage\":\"pt-BR\",\"@id\":\"https:\\\/\\\/conteudo.gerenteweb.com.br\\\/blog\\\/#\\\/schema\\\/logo\\\/image\\\/\",\"url\":\"https:\\\/\\\/conteudo.gerenteweb.com.br\\\/blog\\\/wp-content\\\/uploads\\\/2015\\\/12\\\/logo-gerenteweb.png\",\"contentUrl\":\"https:\\\/\\\/conteudo.gerenteweb.com.br\\\/blog\\\/wp-content\\\/uploads\\\/2015\\\/12\\\/logo-gerenteweb.png\",\"width\":229,\"height\":54,\"caption\":\"GerenteWeb\"},\"image\":{\"@id\":\"https:\\\/\\\/conteudo.gerenteweb.com.br\\\/blog\\\/#\\\/schema\\\/logo\\\/image\\\/\"},\"sameAs\":[\"https:\\\/\\\/www.facebook.com\\\/Gerenteweb\\\/\",\"https:\\\/\\\/x.com\\\/gerenteweb\",\"https:\\\/\\\/www.linkedin.com\\\/company\\\/gerenteweb\"]},{\"@type\":\"Person\",\"@id\":\"https:\\\/\\\/conteudo.gerenteweb.com.br\\\/blog\\\/#\\\/schema\\\/person\\\/ddc33575d179ff76a59a3542d9df7156\",\"name\":\"Matheus Zimbres\",\"image\":{\"@type\":\"ImageObject\",\"inLanguage\":\"pt-BR\",\"@id\":\"https:\\\/\\\/secure.gravatar.com\\\/avatar\\\/ae9b8d50a7e1b58b9d46251012b26a5caf0cf3821e307cc9cd5ec8c04ca8ab2b?s=96&d=mm&r=g\",\"url\":\"https:\\\/\\\/secure.gravatar.com\\\/avatar\\\/ae9b8d50a7e1b58b9d46251012b26a5caf0cf3821e307cc9cd5ec8c04ca8ab2b?s=96&d=mm&r=g\",\"contentUrl\":\"https:\\\/\\\/secure.gravatar.com\\\/avatar\\\/ae9b8d50a7e1b58b9d46251012b26a5caf0cf3821e307cc9cd5ec8c04ca8ab2b?s=96&d=mm&r=g\",\"caption\":\"Matheus Zimbres\"},\"description\":\"Matheus Zimbres Martins \u00e9 graduado em Publicidade e Propaganda pela Universidade Metodista de Piracicaba, trabalha em ag\u00eancias desde 2002, com atua\u00e7\u00e3o nas \u00e1reas de dire\u00e7\u00e3o de arte, planejamento e marketing. \u00c9 gerente de projetos na GerenteWeb desde 2012.\",\"url\":\"https:\\\/\\\/conteudo.gerenteweb.com.br\\\/blog\\\/author\\\/matheus\\\/\"}]}<\/script>\n<!-- \/ Yoast SEO plugin. -->","yoast_head_json":{"title":"Reten\u00e7\u00e3o de clientes: como agir na crise - GerenteWeb","description":"A reten\u00e7\u00e3o de clientes se tornou pe\u00e7a-chave em meio \u00e0 crise econ\u00f4mica atual. Neste artigo, explicamos as melhores pr\u00e1ticas para uma fideliza\u00e7\u00e3o eficiente.","robots":{"index":"index","follow":"follow","max-snippet":"max-snippet:-1","max-image-preview":"max-image-preview:large","max-video-preview":"max-video-preview:-1"},"canonical":"https:\/\/conteudo.gerenteweb.com.br\/blog\/retencao-de-clientes\/","og_locale":"pt_BR","og_type":"article","og_title":"Reten\u00e7\u00e3o de clientes: como agir na crise - GerenteWeb","og_description":"A reten\u00e7\u00e3o de clientes se tornou pe\u00e7a-chave em meio \u00e0 crise econ\u00f4mica atual. Neste artigo, explicamos as melhores pr\u00e1ticas para uma fideliza\u00e7\u00e3o eficiente.","og_url":"https:\/\/conteudo.gerenteweb.com.br\/blog\/retencao-de-clientes\/","og_site_name":"GerenteWeb","article_publisher":"https:\/\/www.facebook.com\/Gerenteweb\/","article_published_time":"2020-07-08T13:00:00+00:00","article_modified_time":"2020-08-24T14:59:36+00:00","og_image":[{"width":1200,"height":628,"url":"https:\/\/conteudo.gerenteweb.com.br\/blog\/wp-content\/uploads\/2020\/07\/retencao-de-clientes-2.jpg","type":"image\/jpeg"}],"author":"Matheus Zimbres","twitter_card":"summary_large_image","twitter_creator":"@gerenteweb","twitter_site":"@gerenteweb","twitter_misc":{"Written by":"Matheus Zimbres","Est. reading time":"4 minutos"},"schema":{"@context":"https:\/\/schema.org","@graph":[{"@type":"Article","@id":"https:\/\/conteudo.gerenteweb.com.br\/blog\/retencao-de-clientes\/#article","isPartOf":{"@id":"https:\/\/conteudo.gerenteweb.com.br\/blog\/retencao-de-clientes\/"},"author":{"name":"Matheus Zimbres","@id":"https:\/\/conteudo.gerenteweb.com.br\/blog\/#\/schema\/person\/ddc33575d179ff76a59a3542d9df7156"},"headline":"Reten\u00e7\u00e3o de clientes: como agir na crise","datePublished":"2020-07-08T13:00:00+00:00","dateModified":"2020-08-24T14:59:36+00:00","mainEntityOfPage":{"@id":"https:\/\/conteudo.gerenteweb.com.br\/blog\/retencao-de-clientes\/"},"wordCount":879,"commentCount":0,"publisher":{"@id":"https:\/\/conteudo.gerenteweb.com.br\/blog\/#organization"},"image":{"@id":"https:\/\/conteudo.gerenteweb.com.br\/blog\/retencao-de-clientes\/#primaryimage"},"thumbnailUrl":"https:\/\/conteudo.gerenteweb.com.br\/blog\/wp-content\/uploads\/2020\/07\/retencao-de-clientes-2.jpg","keywords":["a\u00e7\u00f5es de marketing","atrair clientes","reter clientes","upsell"],"articleSection":["Marketing Digital"],"inLanguage":"pt-BR","potentialAction":[{"@type":"CommentAction","name":"Comment","target":["https:\/\/conteudo.gerenteweb.com.br\/blog\/retencao-de-clientes\/#respond"]}]},{"@type":"WebPage","@id":"https:\/\/conteudo.gerenteweb.com.br\/blog\/retencao-de-clientes\/","url":"https:\/\/conteudo.gerenteweb.com.br\/blog\/retencao-de-clientes\/","name":"Reten\u00e7\u00e3o de clientes: como agir na crise - GerenteWeb","isPartOf":{"@id":"https:\/\/conteudo.gerenteweb.com.br\/blog\/#website"},"primaryImageOfPage":{"@id":"https:\/\/conteudo.gerenteweb.com.br\/blog\/retencao-de-clientes\/#primaryimage"},"image":{"@id":"https:\/\/conteudo.gerenteweb.com.br\/blog\/retencao-de-clientes\/#primaryimage"},"thumbnailUrl":"https:\/\/conteudo.gerenteweb.com.br\/blog\/wp-content\/uploads\/2020\/07\/retencao-de-clientes-2.jpg","datePublished":"2020-07-08T13:00:00+00:00","dateModified":"2020-08-24T14:59:36+00:00","description":"A reten\u00e7\u00e3o de clientes se tornou pe\u00e7a-chave em meio \u00e0 crise econ\u00f4mica atual. Neste artigo, explicamos as melhores pr\u00e1ticas para uma fideliza\u00e7\u00e3o eficiente.","breadcrumb":{"@id":"https:\/\/conteudo.gerenteweb.com.br\/blog\/retencao-de-clientes\/#breadcrumb"},"inLanguage":"pt-BR","potentialAction":[{"@type":"ReadAction","target":["https:\/\/conteudo.gerenteweb.com.br\/blog\/retencao-de-clientes\/"]}]},{"@type":"ImageObject","inLanguage":"pt-BR","@id":"https:\/\/conteudo.gerenteweb.com.br\/blog\/retencao-de-clientes\/#primaryimage","url":"https:\/\/conteudo.gerenteweb.com.br\/blog\/wp-content\/uploads\/2020\/07\/retencao-de-clientes-2.jpg","contentUrl":"https:\/\/conteudo.gerenteweb.com.br\/blog\/wp-content\/uploads\/2020\/07\/retencao-de-clientes-2.jpg","width":1200,"height":628,"caption":"reten\u00e7\u00e3o de clientes em meio \u00e0 crise"},{"@type":"BreadcrumbList","@id":"https:\/\/conteudo.gerenteweb.com.br\/blog\/retencao-de-clientes\/#breadcrumb","itemListElement":[{"@type":"ListItem","position":1,"name":"In\u00edcio","item":"https:\/\/conteudo.gerenteweb.com.br\/blog\/"},{"@type":"ListItem","position":2,"name":"Reten\u00e7\u00e3o de clientes: como agir na crise"}]},{"@type":"WebSite","@id":"https:\/\/conteudo.gerenteweb.com.br\/blog\/#website","url":"https:\/\/conteudo.gerenteweb.com.br\/blog\/","name":"GerenteWeb","description":"Marketing Digital","publisher":{"@id":"https:\/\/conteudo.gerenteweb.com.br\/blog\/#organization"},"potentialAction":[{"@type":"SearchAction","target":{"@type":"EntryPoint","urlTemplate":"https:\/\/conteudo.gerenteweb.com.br\/blog\/?s={search_term_string}"},"query-input":{"@type":"PropertyValueSpecification","valueRequired":true,"valueName":"search_term_string"}}],"inLanguage":"pt-BR"},{"@type":"Organization","@id":"https:\/\/conteudo.gerenteweb.com.br\/blog\/#organization","name":"GerenteWeb","url":"https:\/\/conteudo.gerenteweb.com.br\/blog\/","logo":{"@type":"ImageObject","inLanguage":"pt-BR","@id":"https:\/\/conteudo.gerenteweb.com.br\/blog\/#\/schema\/logo\/image\/","url":"https:\/\/conteudo.gerenteweb.com.br\/blog\/wp-content\/uploads\/2015\/12\/logo-gerenteweb.png","contentUrl":"https:\/\/conteudo.gerenteweb.com.br\/blog\/wp-content\/uploads\/2015\/12\/logo-gerenteweb.png","width":229,"height":54,"caption":"GerenteWeb"},"image":{"@id":"https:\/\/conteudo.gerenteweb.com.br\/blog\/#\/schema\/logo\/image\/"},"sameAs":["https:\/\/www.facebook.com\/Gerenteweb\/","https:\/\/x.com\/gerenteweb","https:\/\/www.linkedin.com\/company\/gerenteweb"]},{"@type":"Person","@id":"https:\/\/conteudo.gerenteweb.com.br\/blog\/#\/schema\/person\/ddc33575d179ff76a59a3542d9df7156","name":"Matheus Zimbres","image":{"@type":"ImageObject","inLanguage":"pt-BR","@id":"https:\/\/secure.gravatar.com\/avatar\/ae9b8d50a7e1b58b9d46251012b26a5caf0cf3821e307cc9cd5ec8c04ca8ab2b?s=96&d=mm&r=g","url":"https:\/\/secure.gravatar.com\/avatar\/ae9b8d50a7e1b58b9d46251012b26a5caf0cf3821e307cc9cd5ec8c04ca8ab2b?s=96&d=mm&r=g","contentUrl":"https:\/\/secure.gravatar.com\/avatar\/ae9b8d50a7e1b58b9d46251012b26a5caf0cf3821e307cc9cd5ec8c04ca8ab2b?s=96&d=mm&r=g","caption":"Matheus Zimbres"},"description":"Matheus Zimbres Martins \u00e9 graduado em Publicidade e Propaganda pela Universidade Metodista de Piracicaba, trabalha em ag\u00eancias desde 2002, com atua\u00e7\u00e3o nas \u00e1reas de dire\u00e7\u00e3o de arte, planejamento e marketing. \u00c9 gerente de projetos na GerenteWeb desde 2012.","url":"https:\/\/conteudo.gerenteweb.com.br\/blog\/author\/matheus\/"}]}},"_links":{"self":[{"href":"https:\/\/conteudo.gerenteweb.com.br\/blog\/wp-json\/wp\/v2\/posts\/1379","targetHints":{"allow":["GET"]}}],"collection":[{"href":"https:\/\/conteudo.gerenteweb.com.br\/blog\/wp-json\/wp\/v2\/posts"}],"about":[{"href":"https:\/\/conteudo.gerenteweb.com.br\/blog\/wp-json\/wp\/v2\/types\/post"}],"author":[{"embeddable":true,"href":"https:\/\/conteudo.gerenteweb.com.br\/blog\/wp-json\/wp\/v2\/users\/5"}],"replies":[{"embeddable":true,"href":"https:\/\/conteudo.gerenteweb.com.br\/blog\/wp-json\/wp\/v2\/comments?post=1379"}],"version-history":[{"count":5,"href":"https:\/\/conteudo.gerenteweb.com.br\/blog\/wp-json\/wp\/v2\/posts\/1379\/revisions"}],"predecessor-version":[{"id":1401,"href":"https:\/\/conteudo.gerenteweb.com.br\/blog\/wp-json\/wp\/v2\/posts\/1379\/revisions\/1401"}],"wp:featuredmedia":[{"embeddable":true,"href":"https:\/\/conteudo.gerenteweb.com.br\/blog\/wp-json\/wp\/v2\/media\/1411"}],"wp:attachment":[{"href":"https:\/\/conteudo.gerenteweb.com.br\/blog\/wp-json\/wp\/v2\/media?parent=1379"}],"wp:term":[{"taxonomy":"category","embeddable":true,"href":"https:\/\/conteudo.gerenteweb.com.br\/blog\/wp-json\/wp\/v2\/categories?post=1379"},{"taxonomy":"post_tag","embeddable":true,"href":"https:\/\/conteudo.gerenteweb.com.br\/blog\/wp-json\/wp\/v2\/tags?post=1379"}],"curies":[{"name":"wp","href":"https:\/\/api.w.org\/{rel}","templated":true}]}}