{"id":1642,"date":"2021-03-24T15:00:00","date_gmt":"2021-03-24T18:00:00","guid":{"rendered":"https:\/\/conteudo.gerenteweb.com.br\/blog\/?p=1642"},"modified":"2021-04-22T14:45:05","modified_gmt":"2021-04-22T17:45:05","slug":"agendamento-de-posts-nas-redes-sociais","status":"publish","type":"post","link":"https:\/\/conteudo.gerenteweb.com.br\/blog\/agendamento-de-posts-nas-redes-sociais\/","title":{"rendered":"Agendamento de posts nas redes sociais: voc\u00ea sabe os benef\u00edcios?"},"content":{"rendered":"\n<p>O agendamento de posts nas redes sociais j\u00e1 \u00e9 uma realidade na sua empresa? Esse recurso \u00e9 muito importante para garantir a frequ\u00eancia e consist\u00eancia desses canais.<\/p>\n\n\n\n<p>Mas se voc\u00ea ainda n\u00e3o instituiu essa pr\u00e1tica, continue a leitura. Vamos explicar benef\u00edcios de agendar antecipadamente seus posts.<\/p>\n\n\n\n<div id=\"ez-toc-container\" class=\"ez-toc-v2_0_82_2 counter-hierarchy ez-toc-counter ez-toc-grey ez-toc-container-direction\">\n<p class=\"ez-toc-title\" style=\"cursor:inherit\">Table of Contents<\/p>\n<label for=\"ez-toc-cssicon-toggle-item-69f3ed6f73d93\" class=\"ez-toc-cssicon-toggle-label\"><span class=\"\"><span class=\"eztoc-hide\" style=\"display:none;\">Toggle<\/span><span class=\"ez-toc-icon-toggle-span\"><svg style=\"fill: #999;color:#999\" xmlns=\"http:\/\/www.w3.org\/2000\/svg\" class=\"list-377408\" width=\"20px\" height=\"20px\" viewBox=\"0 0 24 24\" fill=\"none\"><path d=\"M6 6H4v2h2V6zm14 0H8v2h12V6zM4 11h2v2H4v-2zm16 0H8v2h12v-2zM4 16h2v2H4v-2zm16 0H8v2h12v-2z\" fill=\"currentColor\"><\/path><\/svg><svg style=\"fill: #999;color:#999\" class=\"arrow-unsorted-368013\" xmlns=\"http:\/\/www.w3.org\/2000\/svg\" width=\"10px\" height=\"10px\" viewBox=\"0 0 24 24\" version=\"1.2\" baseProfile=\"tiny\"><path d=\"M18.2 9.3l-6.2-6.3-6.2 6.3c-.2.2-.3.4-.3.7s.1.5.3.7c.2.2.4.3.7.3h11c.3 0 .5-.1.7-.3.2-.2.3-.5.3-.7s-.1-.5-.3-.7zM5.8 14.7l6.2 6.3 6.2-6.3c.2-.2.3-.5.3-.7s-.1-.5-.3-.7c-.2-.2-.4-.3-.7-.3h-11c-.3 0-.5.1-.7.3-.2.2-.3.5-.3.7s.1.5.3.7z\"\/><\/svg><\/span><\/span><\/label><input type=\"checkbox\"  id=\"ez-toc-cssicon-toggle-item-69f3ed6f73d93\"  aria-label=\"Toggle\" \/><nav><ul class='ez-toc-list ez-toc-list-level-1 ' ><li class='ez-toc-page-1 ez-toc-heading-level-2'><a class=\"ez-toc-link ez-toc-heading-1\" href=\"https:\/\/conteudo.gerenteweb.com.br\/blog\/agendamento-de-posts-nas-redes-sociais\/#A_importancia_do_agendamento_de_posts_nas_redes_sociais\" >A import\u00e2ncia do agendamento de posts nas redes sociais<\/a><ul class='ez-toc-list-level-3' ><li class='ez-toc-heading-level-3'><a class=\"ez-toc-link ez-toc-heading-2\" href=\"https:\/\/conteudo.gerenteweb.com.br\/blog\/agendamento-de-posts-nas-redes-sociais\/#Aumento_da_produtividade\" >Aumento da produtividade<\/a><\/li><li class='ez-toc-page-1 ez-toc-heading-level-3'><a class=\"ez-toc-link ez-toc-heading-3\" href=\"https:\/\/conteudo.gerenteweb.com.br\/blog\/agendamento-de-posts-nas-redes-sociais\/#Publicacoes_estrategicas\" >Publica\u00e7\u00f5es estrat\u00e9gicas<\/a><\/li><li class='ez-toc-page-1 ez-toc-heading-level-3'><a class=\"ez-toc-link ez-toc-heading-4\" href=\"https:\/\/conteudo.gerenteweb.com.br\/blog\/agendamento-de-posts-nas-redes-sociais\/#Avaliacao_da_estrategia\" >Avalia\u00e7\u00e3o da estrat\u00e9gia<\/a><\/li><li class='ez-toc-page-1 ez-toc-heading-level-3'><a class=\"ez-toc-link ez-toc-heading-5\" href=\"https:\/\/conteudo.gerenteweb.com.br\/blog\/agendamento-de-posts-nas-redes-sociais\/#Qualidade_dos_posts\" >Qualidade dos posts<\/a><\/li><\/ul><\/li><li class='ez-toc-page-1 ez-toc-heading-level-2'><a class=\"ez-toc-link ez-toc-heading-6\" href=\"https:\/\/conteudo.gerenteweb.com.br\/blog\/agendamento-de-posts-nas-redes-sociais\/#Ferramentas_para_fazer_o_agendamento_de_posts_nas_redes_sociais\" >Ferramentas para fazer o agendamento de posts nas redes sociais<\/a><\/li><li class='ez-toc-page-1 ez-toc-heading-level-2'><a class=\"ez-toc-link ez-toc-heading-7\" href=\"https:\/\/conteudo.gerenteweb.com.br\/blog\/agendamento-de-posts-nas-redes-sociais\/#Cuidados_com_o_agendamento_de_posts_nas_redes_sociais\" >Cuidados com o agendamento de posts nas redes sociais<\/a><\/li><\/ul><\/nav><\/div>\n<h2 class=\"wp-block-heading\"><span class=\"ez-toc-section\" id=\"A_importancia_do_agendamento_de_posts_nas_redes_sociais\"><\/span>A import\u00e2ncia do agendamento de posts nas redes sociais<span class=\"ez-toc-section-end\"><\/span><\/h2>\n\n\n\n<p>Quem trabalha em uma empresa ou ag\u00eancia sabe a correria de cada dia. Afinal, mesmo planejando a rotina, algum imprevisto acontece.<\/p>\n\n\n\n<p>Assim, n\u00e3o \u00e9 seguro deixar as postagens para o dia da publica\u00e7\u00e3o. Para atender outra necessidade, o funcion\u00e1rio nem sempre consegue realizar essa tarefa.<\/p>\n\n\n\n<p>Portanto, o agendamento de posts em redes sociais \u00e9 fundamental para garantir a consist\u00eancia do canal. <\/p>\n\n\n\n<p>Afinal, se eles estiverem programados, os imprevistos n\u00e3o prejudicar\u00e3o a publica\u00e7\u00e3o. <\/p>\n\n\n\n<p>Por\u00e9m, existem outros motivos para agendar os posts com anteced\u00eancia. Veja quais s\u00e3o:<\/p>\n\n\n\n<h3 class=\"wp-block-heading\"><span class=\"ez-toc-section\" id=\"Aumento_da_produtividade\"><\/span>Aumento da produtividade<span class=\"ez-toc-section-end\"><\/span><\/h3>\n\n\n\n<p>Fazer v\u00e1rias tarefas parecidas de uma vez s\u00f3 poupa tempo.  Afinal, quem cria a imagem ou a legenda j\u00e1 est\u00e1 &#8220;no ritmo&#8221; e consegue um resultado melhor.<\/p>\n\n\n\n<h3 class=\"wp-block-heading\"><span class=\"ez-toc-section\" id=\"Publicacoes_estrategicas\"><\/span>Publica\u00e7\u00f5es estrat\u00e9gicas<span class=\"ez-toc-section-end\"><\/span><\/h3>\n\n\n\n<p>Uma das grandes vantagens de agendar posts \u00e9 a estrat\u00e9gia. Assim, se a empresa tem um <a href=\"https:\/\/conteudo.gerenteweb.com.br\/blog\/conheca-os-beneficios-dos-blogs-para-sua-loja-virtual\/\">blog<\/a>, sua equipe consegue combinar os temas.<\/p>\n\n\n\n<p>Portanto, blog e redes sociais podem andar juntos. As publica\u00e7\u00f5es do Facebook, Instagram e outras redes convidam para ler o artigo.<\/p>\n\n\n\n<p>Ainda no Instagram, d\u00e1 para criar uma estrat\u00e9gia nos stories. Enquetes e perguntas despertam a curiosidade sobre o tema.<\/p>\n\n\n\n<p>Al\u00e9m disso, elas sondam as necessidades dos seguidores sobre o assunto. Ent\u00e3o, ao final da sequ\u00eancia, eles estar\u00e3o prontos para arrastar para cima e chegarem ao site.   <\/p>\n\n\n\n<h3 class=\"wp-block-heading\"><span class=\"ez-toc-section\" id=\"Avaliacao_da_estrategia\"><\/span>Avalia\u00e7\u00e3o da estrat\u00e9gia<span class=\"ez-toc-section-end\"><\/span><\/h3>\n\n\n\n<p>Ao olhar para o calend\u00e1rio como um todo, voc\u00ea consegue avali\u00e1-lo com precis\u00e3o. Portanto, ser\u00e1 mais f\u00e1cil identificar se os temas est\u00e3o muito repetidos ou desinteressantes.<\/p>\n\n\n\n<p>Al\u00e9m disso, postagens consistentes permitem avaliar melhor as <a href=\"https:\/\/conteudo.gerenteweb.com.br\/blog\/conheca-os-beneficios-dos-blogs-para-sua-loja-virtual\/\">m\u00e9tricas<\/a>. D\u00e1 para saber quais s\u00e3o os temas que geram mais engajamento.<\/p>\n\n\n\n<p>Tamb\u00e9m \u00e9 poss\u00edvel avaliar o tom da linguagem visual e escrita que gera o resultado que a empresa espera. <\/p>\n\n\n\n<h3 class=\"wp-block-heading\"><span class=\"ez-toc-section\" id=\"Qualidade_dos_posts\"><\/span>Qualidade dos posts<span class=\"ez-toc-section-end\"><\/span><\/h3>\n\n\n\n<p>Quando a equipe deixa tudo pronto e agendado, n\u00e3o h\u00e1 improviso. N\u00e3o tem aquela hist\u00f3ria de deixar para a \u00faltima hora e postar qualquer coisa para n\u00e3o ficar sem nada. <\/p>\n\n\n\n<p>Com anteced\u00eancia e planejamento, d\u00e1 tempo de caprichar no texto e <a href=\"https:\/\/conteudo.gerenteweb.com.br\/blog\/tamanho-de-imagens-para-redes-sociais\/\">imagens para redes sociais<\/a>. Assim, \u00e9 poss\u00edvel atrair mais pessoas e encant\u00e1-las com a sua marca.<\/p>\n\n\n\n<h2 class=\"wp-block-heading\"><span class=\"ez-toc-section\" id=\"Ferramentas_para_fazer_o_agendamento_de_posts_nas_redes_sociais\"><\/span>Ferramentas para fazer o agendamento de posts nas redes sociais<span class=\"ez-toc-section-end\"><\/span><\/h2>\n\n\n\n<p>Por enquanto, apenas o Facebook e Instagram possuem ferramentas nativas para agendamento de posts. Por\u00e9m, mesmo essas plataformas t\u00eam limita\u00e7\u00f5es.<\/p>\n\n\n\n<p>Existem plataformas especializadas em agendamento de posts nas redes sociais. Ent\u00e3o, voc\u00ea consegue integrar tamb\u00e9m o LinkedIn, Twitter e Google Meu Neg\u00f3cio.<\/p>\n\n\n\n<p>Al\u00e9m dessa vantagem, as plataformas permitem uma an\u00e1lise integrada de m\u00e9tricas.  <\/p>\n\n\n\n<p>Ainda entre suas funcionalidades est\u00e1 a possibilidade de responder coment\u00e1rios e impulsionar publica\u00e7\u00f5es. Tudo isso sem precisar acessar v\u00e1rias redes ou entrar nas plataformas de an\u00fancios do Facebook e Google.<\/p>\n\n\n\n<h2 class=\"wp-block-heading\"><span class=\"ez-toc-section\" id=\"Cuidados_com_o_agendamento_de_posts_nas_redes_sociais\"><\/span>Cuidados com o agendamento de posts nas redes sociais<span class=\"ez-toc-section-end\"><\/span><\/h2>\n\n\n\n<p>Embora o agendamento de posts nas redes sociais seja vantajoso, \u00e9 importante prestar aten\u00e7\u00e3o ao que acontece \u00e0 nossa volta.<\/p>\n\n\n\n<p>Afinal, eventos externos mudam. Se o tom das suas publica\u00e7\u00f5es era otimista e aconteceu uma trag\u00e9dia, por exemplo, \u00e9 melhor pausar o post e deix\u00e1-lo para outro momento.<\/p>\n\n\n\n<p>Nas redes sociais, o que n\u00e3o pode faltar \u00e9 empatia. Portanto, diante de imprevistos ou fatos de grande repercuss\u00e3o, reavalie os posts agendados.<\/p>\n\n\n\n<p>E voc\u00ea, j\u00e1 agenda os posts das redes sociais da sua empresa? Que ferramentas utiliza? Conta pra gente nos coment\u00e1rios!<\/p>\n","protected":false},"excerpt":{"rendered":"<p>O agendamento de posts nas redes sociais j\u00e1 \u00e9 uma realidade na sua empresa? Esse recurso \u00e9 muito importante para garantir a frequ\u00eancia e consist\u00eancia desses canais. Mas se voc\u00ea ainda n\u00e3o instituiu essa pr\u00e1tica, continue a leitura. Vamos explicar benef\u00edcios de agendar antecipadamente seus posts. A import\u00e2ncia do agendamento de posts nas redes sociais &hellip; <\/p>\n<p class=\"link-more\"><a href=\"https:\/\/conteudo.gerenteweb.com.br\/blog\/agendamento-de-posts-nas-redes-sociais\/\" class=\"more-link\">Continue lendo<span class=\"screen-reader-text\"> &#8220;Agendamento de posts nas redes sociais: voc\u00ea sabe os benef\u00edcios?&#8221;<\/span><\/a><\/p>\n","protected":false},"author":5,"featured_media":1662,"comment_status":"open","ping_status":"open","sticky":false,"template":"","format":"standard","meta":{"footnotes":""},"categories":[4],"tags":[35,189],"class_list":["post-1642","post","type-post","status-publish","format-standard","has-post-thumbnail","hentry","category-social-media","tag-midias-sociais","tag-publicacao-posts"],"yoast_head":"<!-- This site is optimized with the Yoast SEO plugin v27.3 - https:\/\/yoast.com\/product\/yoast-seo-wordpress\/ -->\n<title>Agendamento de posts nas redes sociais: voc\u00ea sabe os benef\u00edcios? - GerenteWeb<\/title>\n<meta name=\"description\" content=\"Na correria do dia a dia, o agendamento de posts nas redes sociais facilita a consist\u00eancia dos canais. Saiba os benef\u00edcios dessa pr\u00e1tica.\" \/>\n<meta name=\"robots\" content=\"index, follow, max-snippet:-1, max-image-preview:large, max-video-preview:-1\" \/>\n<link rel=\"canonical\" href=\"https:\/\/conteudo.gerenteweb.com.br\/blog\/agendamento-de-posts-nas-redes-sociais\/\" \/>\n<meta property=\"og:locale\" content=\"pt_BR\" \/>\n<meta property=\"og:type\" content=\"article\" \/>\n<meta property=\"og:title\" content=\"Agendamento de posts nas redes sociais: voc\u00ea sabe os benef\u00edcios? - GerenteWeb\" \/>\n<meta property=\"og:description\" content=\"Na correria do dia a dia, o agendamento de posts nas redes sociais facilita a consist\u00eancia dos canais. Saiba os benef\u00edcios dessa pr\u00e1tica.\" \/>\n<meta property=\"og:url\" content=\"https:\/\/conteudo.gerenteweb.com.br\/blog\/agendamento-de-posts-nas-redes-sociais\/\" \/>\n<meta property=\"og:site_name\" content=\"GerenteWeb\" \/>\n<meta property=\"article:publisher\" content=\"https:\/\/www.facebook.com\/Gerenteweb\/\" \/>\n<meta property=\"article:published_time\" content=\"2021-03-24T18:00:00+00:00\" \/>\n<meta property=\"article:modified_time\" content=\"2021-04-22T17:45:05+00:00\" \/>\n<meta property=\"og:image\" content=\"https:\/\/conteudo.gerenteweb.com.br\/blog\/wp-content\/uploads\/2021\/02\/agendamento-de-posts-nas-redes-sociais.png\" \/>\n\t<meta property=\"og:image:width\" content=\"1199\" \/>\n\t<meta property=\"og:image:height\" content=\"628\" \/>\n\t<meta property=\"og:image:type\" content=\"image\/png\" \/>\n<meta name=\"author\" content=\"Matheus Zimbres\" \/>\n<meta name=\"twitter:card\" content=\"summary_large_image\" \/>\n<meta name=\"twitter:creator\" content=\"@gerenteweb\" \/>\n<meta name=\"twitter:site\" content=\"@gerenteweb\" \/>\n<meta name=\"twitter:label1\" content=\"Written by\" \/>\n\t<meta name=\"twitter:data1\" content=\"Matheus Zimbres\" \/>\n\t<meta name=\"twitter:label2\" content=\"Est. reading time\" \/>\n\t<meta name=\"twitter:data2\" content=\"3 minutos\" \/>\n<script type=\"application\/ld+json\" class=\"yoast-schema-graph\">{\"@context\":\"https:\\\/\\\/schema.org\",\"@graph\":[{\"@type\":\"Article\",\"@id\":\"https:\\\/\\\/conteudo.gerenteweb.com.br\\\/blog\\\/agendamento-de-posts-nas-redes-sociais\\\/#article\",\"isPartOf\":{\"@id\":\"https:\\\/\\\/conteudo.gerenteweb.com.br\\\/blog\\\/agendamento-de-posts-nas-redes-sociais\\\/\"},\"author\":{\"name\":\"Matheus Zimbres\",\"@id\":\"https:\\\/\\\/conteudo.gerenteweb.com.br\\\/blog\\\/#\\\/schema\\\/person\\\/ddc33575d179ff76a59a3542d9df7156\"},\"headline\":\"Agendamento de posts nas redes sociais: voc\u00ea sabe os benef\u00edcios?\",\"datePublished\":\"2021-03-24T18:00:00+00:00\",\"dateModified\":\"2021-04-22T17:45:05+00:00\",\"mainEntityOfPage\":{\"@id\":\"https:\\\/\\\/conteudo.gerenteweb.com.br\\\/blog\\\/agendamento-de-posts-nas-redes-sociais\\\/\"},\"wordCount\":649,\"commentCount\":0,\"publisher\":{\"@id\":\"https:\\\/\\\/conteudo.gerenteweb.com.br\\\/blog\\\/#organization\"},\"image\":{\"@id\":\"https:\\\/\\\/conteudo.gerenteweb.com.br\\\/blog\\\/agendamento-de-posts-nas-redes-sociais\\\/#primaryimage\"},\"thumbnailUrl\":\"https:\\\/\\\/conteudo.gerenteweb.com.br\\\/blog\\\/wp-content\\\/uploads\\\/2021\\\/02\\\/agendamento-de-posts-nas-redes-sociais.png\",\"keywords\":[\"m\u00eddias sociais\",\"publica\u00e7\u00e3o posts\"],\"articleSection\":[\"Social Media\"],\"inLanguage\":\"pt-BR\",\"potentialAction\":[{\"@type\":\"CommentAction\",\"name\":\"Comment\",\"target\":[\"https:\\\/\\\/conteudo.gerenteweb.com.br\\\/blog\\\/agendamento-de-posts-nas-redes-sociais\\\/#respond\"]}]},{\"@type\":\"WebPage\",\"@id\":\"https:\\\/\\\/conteudo.gerenteweb.com.br\\\/blog\\\/agendamento-de-posts-nas-redes-sociais\\\/\",\"url\":\"https:\\\/\\\/conteudo.gerenteweb.com.br\\\/blog\\\/agendamento-de-posts-nas-redes-sociais\\\/\",\"name\":\"Agendamento de posts nas redes sociais: voc\u00ea sabe os benef\u00edcios? - GerenteWeb\",\"isPartOf\":{\"@id\":\"https:\\\/\\\/conteudo.gerenteweb.com.br\\\/blog\\\/#website\"},\"primaryImageOfPage\":{\"@id\":\"https:\\\/\\\/conteudo.gerenteweb.com.br\\\/blog\\\/agendamento-de-posts-nas-redes-sociais\\\/#primaryimage\"},\"image\":{\"@id\":\"https:\\\/\\\/conteudo.gerenteweb.com.br\\\/blog\\\/agendamento-de-posts-nas-redes-sociais\\\/#primaryimage\"},\"thumbnailUrl\":\"https:\\\/\\\/conteudo.gerenteweb.com.br\\\/blog\\\/wp-content\\\/uploads\\\/2021\\\/02\\\/agendamento-de-posts-nas-redes-sociais.png\",\"datePublished\":\"2021-03-24T18:00:00+00:00\",\"dateModified\":\"2021-04-22T17:45:05+00:00\",\"description\":\"Na correria do dia a dia, o agendamento de posts nas redes sociais facilita a consist\u00eancia dos canais. Saiba os benef\u00edcios dessa pr\u00e1tica.\",\"breadcrumb\":{\"@id\":\"https:\\\/\\\/conteudo.gerenteweb.com.br\\\/blog\\\/agendamento-de-posts-nas-redes-sociais\\\/#breadcrumb\"},\"inLanguage\":\"pt-BR\",\"potentialAction\":[{\"@type\":\"ReadAction\",\"target\":[\"https:\\\/\\\/conteudo.gerenteweb.com.br\\\/blog\\\/agendamento-de-posts-nas-redes-sociais\\\/\"]}]},{\"@type\":\"ImageObject\",\"inLanguage\":\"pt-BR\",\"@id\":\"https:\\\/\\\/conteudo.gerenteweb.com.br\\\/blog\\\/agendamento-de-posts-nas-redes-sociais\\\/#primaryimage\",\"url\":\"https:\\\/\\\/conteudo.gerenteweb.com.br\\\/blog\\\/wp-content\\\/uploads\\\/2021\\\/02\\\/agendamento-de-posts-nas-redes-sociais.png\",\"contentUrl\":\"https:\\\/\\\/conteudo.gerenteweb.com.br\\\/blog\\\/wp-content\\\/uploads\\\/2021\\\/02\\\/agendamento-de-posts-nas-redes-sociais.png\",\"width\":1199,\"height\":628,\"caption\":\"conhe\u00e7a as vantagens do agendamento de posts nas redes sociais\"},{\"@type\":\"BreadcrumbList\",\"@id\":\"https:\\\/\\\/conteudo.gerenteweb.com.br\\\/blog\\\/agendamento-de-posts-nas-redes-sociais\\\/#breadcrumb\",\"itemListElement\":[{\"@type\":\"ListItem\",\"position\":1,\"name\":\"In\u00edcio\",\"item\":\"https:\\\/\\\/conteudo.gerenteweb.com.br\\\/blog\\\/\"},{\"@type\":\"ListItem\",\"position\":2,\"name\":\"Agendamento de posts nas redes sociais: voc\u00ea sabe os benef\u00edcios?\"}]},{\"@type\":\"WebSite\",\"@id\":\"https:\\\/\\\/conteudo.gerenteweb.com.br\\\/blog\\\/#website\",\"url\":\"https:\\\/\\\/conteudo.gerenteweb.com.br\\\/blog\\\/\",\"name\":\"GerenteWeb\",\"description\":\"Marketing Digital\",\"publisher\":{\"@id\":\"https:\\\/\\\/conteudo.gerenteweb.com.br\\\/blog\\\/#organization\"},\"potentialAction\":[{\"@type\":\"SearchAction\",\"target\":{\"@type\":\"EntryPoint\",\"urlTemplate\":\"https:\\\/\\\/conteudo.gerenteweb.com.br\\\/blog\\\/?s={search_term_string}\"},\"query-input\":{\"@type\":\"PropertyValueSpecification\",\"valueRequired\":true,\"valueName\":\"search_term_string\"}}],\"inLanguage\":\"pt-BR\"},{\"@type\":\"Organization\",\"@id\":\"https:\\\/\\\/conteudo.gerenteweb.com.br\\\/blog\\\/#organization\",\"name\":\"GerenteWeb\",\"url\":\"https:\\\/\\\/conteudo.gerenteweb.com.br\\\/blog\\\/\",\"logo\":{\"@type\":\"ImageObject\",\"inLanguage\":\"pt-BR\",\"@id\":\"https:\\\/\\\/conteudo.gerenteweb.com.br\\\/blog\\\/#\\\/schema\\\/logo\\\/image\\\/\",\"url\":\"https:\\\/\\\/conteudo.gerenteweb.com.br\\\/blog\\\/wp-content\\\/uploads\\\/2015\\\/12\\\/logo-gerenteweb.png\",\"contentUrl\":\"https:\\\/\\\/conteudo.gerenteweb.com.br\\\/blog\\\/wp-content\\\/uploads\\\/2015\\\/12\\\/logo-gerenteweb.png\",\"width\":229,\"height\":54,\"caption\":\"GerenteWeb\"},\"image\":{\"@id\":\"https:\\\/\\\/conteudo.gerenteweb.com.br\\\/blog\\\/#\\\/schema\\\/logo\\\/image\\\/\"},\"sameAs\":[\"https:\\\/\\\/www.facebook.com\\\/Gerenteweb\\\/\",\"https:\\\/\\\/x.com\\\/gerenteweb\",\"https:\\\/\\\/www.linkedin.com\\\/company\\\/gerenteweb\"]},{\"@type\":\"Person\",\"@id\":\"https:\\\/\\\/conteudo.gerenteweb.com.br\\\/blog\\\/#\\\/schema\\\/person\\\/ddc33575d179ff76a59a3542d9df7156\",\"name\":\"Matheus Zimbres\",\"image\":{\"@type\":\"ImageObject\",\"inLanguage\":\"pt-BR\",\"@id\":\"https:\\\/\\\/secure.gravatar.com\\\/avatar\\\/ae9b8d50a7e1b58b9d46251012b26a5caf0cf3821e307cc9cd5ec8c04ca8ab2b?s=96&d=mm&r=g\",\"url\":\"https:\\\/\\\/secure.gravatar.com\\\/avatar\\\/ae9b8d50a7e1b58b9d46251012b26a5caf0cf3821e307cc9cd5ec8c04ca8ab2b?s=96&d=mm&r=g\",\"contentUrl\":\"https:\\\/\\\/secure.gravatar.com\\\/avatar\\\/ae9b8d50a7e1b58b9d46251012b26a5caf0cf3821e307cc9cd5ec8c04ca8ab2b?s=96&d=mm&r=g\",\"caption\":\"Matheus Zimbres\"},\"description\":\"Matheus Zimbres Martins \u00e9 graduado em Publicidade e Propaganda pela Universidade Metodista de Piracicaba, trabalha em ag\u00eancias desde 2002, com atua\u00e7\u00e3o nas \u00e1reas de dire\u00e7\u00e3o de arte, planejamento e marketing. \u00c9 gerente de projetos na GerenteWeb desde 2012.\",\"url\":\"https:\\\/\\\/conteudo.gerenteweb.com.br\\\/blog\\\/author\\\/matheus\\\/\"}]}<\/script>\n<!-- \/ Yoast SEO plugin. -->","yoast_head_json":{"title":"Agendamento de posts nas redes sociais: voc\u00ea sabe os benef\u00edcios? - GerenteWeb","description":"Na correria do dia a dia, o agendamento de posts nas redes sociais facilita a consist\u00eancia dos canais. Saiba os benef\u00edcios dessa pr\u00e1tica.","robots":{"index":"index","follow":"follow","max-snippet":"max-snippet:-1","max-image-preview":"max-image-preview:large","max-video-preview":"max-video-preview:-1"},"canonical":"https:\/\/conteudo.gerenteweb.com.br\/blog\/agendamento-de-posts-nas-redes-sociais\/","og_locale":"pt_BR","og_type":"article","og_title":"Agendamento de posts nas redes sociais: voc\u00ea sabe os benef\u00edcios? - GerenteWeb","og_description":"Na correria do dia a dia, o agendamento de posts nas redes sociais facilita a consist\u00eancia dos canais. Saiba os benef\u00edcios dessa pr\u00e1tica.","og_url":"https:\/\/conteudo.gerenteweb.com.br\/blog\/agendamento-de-posts-nas-redes-sociais\/","og_site_name":"GerenteWeb","article_publisher":"https:\/\/www.facebook.com\/Gerenteweb\/","article_published_time":"2021-03-24T18:00:00+00:00","article_modified_time":"2021-04-22T17:45:05+00:00","og_image":[{"width":1199,"height":628,"url":"https:\/\/conteudo.gerenteweb.com.br\/blog\/wp-content\/uploads\/2021\/02\/agendamento-de-posts-nas-redes-sociais.png","type":"image\/png"}],"author":"Matheus Zimbres","twitter_card":"summary_large_image","twitter_creator":"@gerenteweb","twitter_site":"@gerenteweb","twitter_misc":{"Written by":"Matheus Zimbres","Est. reading time":"3 minutos"},"schema":{"@context":"https:\/\/schema.org","@graph":[{"@type":"Article","@id":"https:\/\/conteudo.gerenteweb.com.br\/blog\/agendamento-de-posts-nas-redes-sociais\/#article","isPartOf":{"@id":"https:\/\/conteudo.gerenteweb.com.br\/blog\/agendamento-de-posts-nas-redes-sociais\/"},"author":{"name":"Matheus Zimbres","@id":"https:\/\/conteudo.gerenteweb.com.br\/blog\/#\/schema\/person\/ddc33575d179ff76a59a3542d9df7156"},"headline":"Agendamento de posts nas redes sociais: voc\u00ea sabe os benef\u00edcios?","datePublished":"2021-03-24T18:00:00+00:00","dateModified":"2021-04-22T17:45:05+00:00","mainEntityOfPage":{"@id":"https:\/\/conteudo.gerenteweb.com.br\/blog\/agendamento-de-posts-nas-redes-sociais\/"},"wordCount":649,"commentCount":0,"publisher":{"@id":"https:\/\/conteudo.gerenteweb.com.br\/blog\/#organization"},"image":{"@id":"https:\/\/conteudo.gerenteweb.com.br\/blog\/agendamento-de-posts-nas-redes-sociais\/#primaryimage"},"thumbnailUrl":"https:\/\/conteudo.gerenteweb.com.br\/blog\/wp-content\/uploads\/2021\/02\/agendamento-de-posts-nas-redes-sociais.png","keywords":["m\u00eddias sociais","publica\u00e7\u00e3o posts"],"articleSection":["Social Media"],"inLanguage":"pt-BR","potentialAction":[{"@type":"CommentAction","name":"Comment","target":["https:\/\/conteudo.gerenteweb.com.br\/blog\/agendamento-de-posts-nas-redes-sociais\/#respond"]}]},{"@type":"WebPage","@id":"https:\/\/conteudo.gerenteweb.com.br\/blog\/agendamento-de-posts-nas-redes-sociais\/","url":"https:\/\/conteudo.gerenteweb.com.br\/blog\/agendamento-de-posts-nas-redes-sociais\/","name":"Agendamento de posts nas redes sociais: voc\u00ea sabe os benef\u00edcios? - GerenteWeb","isPartOf":{"@id":"https:\/\/conteudo.gerenteweb.com.br\/blog\/#website"},"primaryImageOfPage":{"@id":"https:\/\/conteudo.gerenteweb.com.br\/blog\/agendamento-de-posts-nas-redes-sociais\/#primaryimage"},"image":{"@id":"https:\/\/conteudo.gerenteweb.com.br\/blog\/agendamento-de-posts-nas-redes-sociais\/#primaryimage"},"thumbnailUrl":"https:\/\/conteudo.gerenteweb.com.br\/blog\/wp-content\/uploads\/2021\/02\/agendamento-de-posts-nas-redes-sociais.png","datePublished":"2021-03-24T18:00:00+00:00","dateModified":"2021-04-22T17:45:05+00:00","description":"Na correria do dia a dia, o agendamento de posts nas redes sociais facilita a consist\u00eancia dos canais. Saiba os benef\u00edcios dessa pr\u00e1tica.","breadcrumb":{"@id":"https:\/\/conteudo.gerenteweb.com.br\/blog\/agendamento-de-posts-nas-redes-sociais\/#breadcrumb"},"inLanguage":"pt-BR","potentialAction":[{"@type":"ReadAction","target":["https:\/\/conteudo.gerenteweb.com.br\/blog\/agendamento-de-posts-nas-redes-sociais\/"]}]},{"@type":"ImageObject","inLanguage":"pt-BR","@id":"https:\/\/conteudo.gerenteweb.com.br\/blog\/agendamento-de-posts-nas-redes-sociais\/#primaryimage","url":"https:\/\/conteudo.gerenteweb.com.br\/blog\/wp-content\/uploads\/2021\/02\/agendamento-de-posts-nas-redes-sociais.png","contentUrl":"https:\/\/conteudo.gerenteweb.com.br\/blog\/wp-content\/uploads\/2021\/02\/agendamento-de-posts-nas-redes-sociais.png","width":1199,"height":628,"caption":"conhe\u00e7a as vantagens do agendamento de posts nas redes sociais"},{"@type":"BreadcrumbList","@id":"https:\/\/conteudo.gerenteweb.com.br\/blog\/agendamento-de-posts-nas-redes-sociais\/#breadcrumb","itemListElement":[{"@type":"ListItem","position":1,"name":"In\u00edcio","item":"https:\/\/conteudo.gerenteweb.com.br\/blog\/"},{"@type":"ListItem","position":2,"name":"Agendamento de posts nas redes sociais: voc\u00ea sabe os benef\u00edcios?"}]},{"@type":"WebSite","@id":"https:\/\/conteudo.gerenteweb.com.br\/blog\/#website","url":"https:\/\/conteudo.gerenteweb.com.br\/blog\/","name":"GerenteWeb","description":"Marketing Digital","publisher":{"@id":"https:\/\/conteudo.gerenteweb.com.br\/blog\/#organization"},"potentialAction":[{"@type":"SearchAction","target":{"@type":"EntryPoint","urlTemplate":"https:\/\/conteudo.gerenteweb.com.br\/blog\/?s={search_term_string}"},"query-input":{"@type":"PropertyValueSpecification","valueRequired":true,"valueName":"search_term_string"}}],"inLanguage":"pt-BR"},{"@type":"Organization","@id":"https:\/\/conteudo.gerenteweb.com.br\/blog\/#organization","name":"GerenteWeb","url":"https:\/\/conteudo.gerenteweb.com.br\/blog\/","logo":{"@type":"ImageObject","inLanguage":"pt-BR","@id":"https:\/\/conteudo.gerenteweb.com.br\/blog\/#\/schema\/logo\/image\/","url":"https:\/\/conteudo.gerenteweb.com.br\/blog\/wp-content\/uploads\/2015\/12\/logo-gerenteweb.png","contentUrl":"https:\/\/conteudo.gerenteweb.com.br\/blog\/wp-content\/uploads\/2015\/12\/logo-gerenteweb.png","width":229,"height":54,"caption":"GerenteWeb"},"image":{"@id":"https:\/\/conteudo.gerenteweb.com.br\/blog\/#\/schema\/logo\/image\/"},"sameAs":["https:\/\/www.facebook.com\/Gerenteweb\/","https:\/\/x.com\/gerenteweb","https:\/\/www.linkedin.com\/company\/gerenteweb"]},{"@type":"Person","@id":"https:\/\/conteudo.gerenteweb.com.br\/blog\/#\/schema\/person\/ddc33575d179ff76a59a3542d9df7156","name":"Matheus Zimbres","image":{"@type":"ImageObject","inLanguage":"pt-BR","@id":"https:\/\/secure.gravatar.com\/avatar\/ae9b8d50a7e1b58b9d46251012b26a5caf0cf3821e307cc9cd5ec8c04ca8ab2b?s=96&d=mm&r=g","url":"https:\/\/secure.gravatar.com\/avatar\/ae9b8d50a7e1b58b9d46251012b26a5caf0cf3821e307cc9cd5ec8c04ca8ab2b?s=96&d=mm&r=g","contentUrl":"https:\/\/secure.gravatar.com\/avatar\/ae9b8d50a7e1b58b9d46251012b26a5caf0cf3821e307cc9cd5ec8c04ca8ab2b?s=96&d=mm&r=g","caption":"Matheus Zimbres"},"description":"Matheus Zimbres Martins \u00e9 graduado em Publicidade e Propaganda pela Universidade Metodista de Piracicaba, trabalha em ag\u00eancias desde 2002, com atua\u00e7\u00e3o nas \u00e1reas de dire\u00e7\u00e3o de arte, planejamento e marketing. \u00c9 gerente de projetos na GerenteWeb desde 2012.","url":"https:\/\/conteudo.gerenteweb.com.br\/blog\/author\/matheus\/"}]}},"_links":{"self":[{"href":"https:\/\/conteudo.gerenteweb.com.br\/blog\/wp-json\/wp\/v2\/posts\/1642","targetHints":{"allow":["GET"]}}],"collection":[{"href":"https:\/\/conteudo.gerenteweb.com.br\/blog\/wp-json\/wp\/v2\/posts"}],"about":[{"href":"https:\/\/conteudo.gerenteweb.com.br\/blog\/wp-json\/wp\/v2\/types\/post"}],"author":[{"embeddable":true,"href":"https:\/\/conteudo.gerenteweb.com.br\/blog\/wp-json\/wp\/v2\/users\/5"}],"replies":[{"embeddable":true,"href":"https:\/\/conteudo.gerenteweb.com.br\/blog\/wp-json\/wp\/v2\/comments?post=1642"}],"version-history":[{"count":5,"href":"https:\/\/conteudo.gerenteweb.com.br\/blog\/wp-json\/wp\/v2\/posts\/1642\/revisions"}],"predecessor-version":[{"id":1658,"href":"https:\/\/conteudo.gerenteweb.com.br\/blog\/wp-json\/wp\/v2\/posts\/1642\/revisions\/1658"}],"wp:featuredmedia":[{"embeddable":true,"href":"https:\/\/conteudo.gerenteweb.com.br\/blog\/wp-json\/wp\/v2\/media\/1662"}],"wp:attachment":[{"href":"https:\/\/conteudo.gerenteweb.com.br\/blog\/wp-json\/wp\/v2\/media?parent=1642"}],"wp:term":[{"taxonomy":"category","embeddable":true,"href":"https:\/\/conteudo.gerenteweb.com.br\/blog\/wp-json\/wp\/v2\/categories?post=1642"},{"taxonomy":"post_tag","embeddable":true,"href":"https:\/\/conteudo.gerenteweb.com.br\/blog\/wp-json\/wp\/v2\/tags?post=1642"}],"curies":[{"name":"wp","href":"https:\/\/api.w.org\/{rel}","templated":true}]}}