{"id":1815,"date":"2022-12-07T15:00:00","date_gmt":"2022-12-07T18:00:00","guid":{"rendered":"https:\/\/conteudo.gerenteweb.com.br\/blog\/?p=1815"},"modified":"2022-10-28T16:42:28","modified_gmt":"2022-10-28T19:42:28","slug":"use-as-midias-sociais-para-vender-mais","status":"publish","type":"post","link":"https:\/\/conteudo.gerenteweb.com.br\/blog\/use-as-midias-sociais-para-vender-mais\/","title":{"rendered":"M\u00eddias sociais: como elas podem aumentar o seu faturamento?"},"content":{"rendered":"\n<p>Sim, Instagram e Facebook n\u00e3o s\u00e3o apenas entretenimento. As m\u00eddias sociais se transformaram em ferramentas poderosas para vender.<\/p>\n\n\n\n<p>Segundo uma pesquisa divulgada pela Opinion Box, 82% dos usu\u00e1rios do Instagram seguem pelo menos uma marca na rede social<\/p>\n\n\n\n<p>Mas se voc\u00ea j\u00e1 tentou usar as m\u00eddias sociais para vender, tamb\u00e9m deve ter percebido que n\u00e3o \u00e9 s\u00f3 chegar l\u00e1 e publicar fotos dos seus produtos ou banners de promo\u00e7\u00f5es.<\/p>\n\n\n\n<p>A verdade \u00e9 que, para que essas plataformas ajudem seu neg\u00f3cio, voc\u00ea precisa atuar com estrat\u00e9gia. <\/p>\n\n\n\n<p>Quer saber, ent\u00e3o, como usar essas ferramentas gratuitas para gerar vendas? Continue a leitura! <\/p>\n\n\n\n<div id=\"ez-toc-container\" class=\"ez-toc-v2_0_82_2 counter-hierarchy ez-toc-counter ez-toc-grey ez-toc-container-direction\">\n<p class=\"ez-toc-title\" style=\"cursor:inherit\">Table of Contents<\/p>\n<label for=\"ez-toc-cssicon-toggle-item-69efbaaff01a1\" class=\"ez-toc-cssicon-toggle-label\"><span class=\"\"><span class=\"eztoc-hide\" style=\"display:none;\">Toggle<\/span><span class=\"ez-toc-icon-toggle-span\"><svg style=\"fill: #999;color:#999\" xmlns=\"http:\/\/www.w3.org\/2000\/svg\" class=\"list-377408\" width=\"20px\" height=\"20px\" viewBox=\"0 0 24 24\" fill=\"none\"><path d=\"M6 6H4v2h2V6zm14 0H8v2h12V6zM4 11h2v2H4v-2zm16 0H8v2h12v-2zM4 16h2v2H4v-2zm16 0H8v2h12v-2z\" fill=\"currentColor\"><\/path><\/svg><svg style=\"fill: #999;color:#999\" class=\"arrow-unsorted-368013\" xmlns=\"http:\/\/www.w3.org\/2000\/svg\" width=\"10px\" height=\"10px\" viewBox=\"0 0 24 24\" version=\"1.2\" baseProfile=\"tiny\"><path d=\"M18.2 9.3l-6.2-6.3-6.2 6.3c-.2.2-.3.4-.3.7s.1.5.3.7c.2.2.4.3.7.3h11c.3 0 .5-.1.7-.3.2-.2.3-.5.3-.7s-.1-.5-.3-.7zM5.8 14.7l6.2 6.3 6.2-6.3c.2-.2.3-.5.3-.7s-.1-.5-.3-.7c-.2-.2-.4-.3-.7-.3h-11c-.3 0-.5.1-.7.3-.2.2-.3.5-.3.7s.1.5.3.7z\"\/><\/svg><\/span><\/span><\/label><input type=\"checkbox\"  id=\"ez-toc-cssicon-toggle-item-69efbaaff01a1\"  aria-label=\"Toggle\" \/><nav><ul class='ez-toc-list ez-toc-list-level-1 ' ><li class='ez-toc-page-1 ez-toc-heading-level-2'><a class=\"ez-toc-link ez-toc-heading-1\" href=\"https:\/\/conteudo.gerenteweb.com.br\/blog\/use-as-midias-sociais-para-vender-mais\/#1_Identifique_as_midias_sociais_onde_seu_publico_esta\" >1. Identifique as m\u00eddias sociais onde seu p\u00fablico est\u00e1<\/a><\/li><li class='ez-toc-page-1 ez-toc-heading-level-2'><a class=\"ez-toc-link ez-toc-heading-2\" href=\"https:\/\/conteudo.gerenteweb.com.br\/blog\/use-as-midias-sociais-para-vender-mais\/#2_Nao_tente_estar_presente_em_todos_os_lugares\" >2. N\u00e3o tente estar presente em todos os lugares<\/a><\/li><li class='ez-toc-page-1 ez-toc-heading-level-2'><a class=\"ez-toc-link ez-toc-heading-3\" href=\"https:\/\/conteudo.gerenteweb.com.br\/blog\/use-as-midias-sociais-para-vender-mais\/#3_Nao_fale_dificil_nas_midias_sociais\" >3. N\u00e3o fale dif\u00edcil nas m\u00eddias sociais<\/a><\/li><li class='ez-toc-page-1 ez-toc-heading-level-2'><a class=\"ez-toc-link ez-toc-heading-4\" href=\"https:\/\/conteudo.gerenteweb.com.br\/blog\/use-as-midias-sociais-para-vender-mais\/#4_Produza_conteudo_relevante_nas_midias_sociais\" >4. Produza conte\u00fado relevante nas m\u00eddias sociais<\/a><\/li><li class='ez-toc-page-1 ez-toc-heading-level-2'><a class=\"ez-toc-link ez-toc-heading-5\" href=\"https:\/\/conteudo.gerenteweb.com.br\/blog\/use-as-midias-sociais-para-vender-mais\/#5_Tenha_uma_linha_editorial_bem_definida\" >5. Tenha uma linha editorial bem definida<\/a><\/li><li class='ez-toc-page-1 ez-toc-heading-level-2'><a class=\"ez-toc-link ez-toc-heading-6\" href=\"https:\/\/conteudo.gerenteweb.com.br\/blog\/use-as-midias-sociais-para-vender-mais\/#6_Nao_se_venda_para_o_engajamento\" >6. N\u00e3o se venda para o engajamento<\/a><\/li><li class='ez-toc-page-1 ez-toc-heading-level-2'><a class=\"ez-toc-link ez-toc-heading-7\" href=\"https:\/\/conteudo.gerenteweb.com.br\/blog\/use-as-midias-sociais-para-vender-mais\/#7_Relacione-se_com_seu_publico\" >7. Relacione-se com seu p\u00fablico<\/a><\/li><li class='ez-toc-page-1 ez-toc-heading-level-2'><a class=\"ez-toc-link ez-toc-heading-8\" href=\"https:\/\/conteudo.gerenteweb.com.br\/blog\/use-as-midias-sociais-para-vender-mais\/#8_Valorize_a_participacao_das_pessoas\" >8. Valorize a participa\u00e7\u00e3o das pessoas<\/a><\/li><li class='ez-toc-page-1 ez-toc-heading-level-2'><a class=\"ez-toc-link ez-toc-heading-9\" href=\"https:\/\/conteudo.gerenteweb.com.br\/blog\/use-as-midias-sociais-para-vender-mais\/#9_Utilize_as_ferramentas_da_plataforma\" >9. Utilize as ferramentas da plataforma<\/a><\/li><li class='ez-toc-page-1 ez-toc-heading-level-2'><a class=\"ez-toc-link ez-toc-heading-10\" href=\"https:\/\/conteudo.gerenteweb.com.br\/blog\/use-as-midias-sociais-para-vender-mais\/#10_Leve_as_pessoas_para_o_seu_territorio\" >10. Leve as pessoas para o seu territ\u00f3rio<\/a><\/li><li class='ez-toc-page-1 ez-toc-heading-level-2'><a class=\"ez-toc-link ez-toc-heading-11\" href=\"https:\/\/conteudo.gerenteweb.com.br\/blog\/use-as-midias-sociais-para-vender-mais\/#11_Analise_as_metricas_das_midias_sociais\" >11. Analise as m\u00e9tricas das m\u00eddias sociais<\/a><\/li><\/ul><\/nav><\/div>\n<h2 class=\"wp-block-heading\"><span class=\"ez-toc-section\" id=\"1_Identifique_as_midias_sociais_onde_seu_publico_esta\"><\/span>1. Identifique as m\u00eddias sociais onde seu p\u00fablico est\u00e1 <span class=\"ez-toc-section-end\"><\/span><\/h2>\n\n\n\n<p>O que definitivamente n\u00f3s sabemos em marketing digital \u00e9 que n\u00e3o \u00e9 poss\u00edvel simplesmente copiar a estrat\u00e9gia de outras empresas.<\/p>\n\n\n\n<p>Infelizmente, isso acontece muito. Alguns empres\u00e1rios seguem uma marca no Instagram, gostam da abordagem que ela usa e decidem fazer algo igual para sua empresa.<\/p>\n\n\n\n<p>Por\u00e9m, tudo d\u00e1 errado. Seus posts n\u00e3o t\u00eam engajamento, os seguidores parecem fantasmas que n\u00e3o curtem, n\u00e3o comentam e principalmente, n\u00e3o h\u00e1 vendas.<\/p>\n\n\n\n<p>Isso pode acontecer por v\u00e1rios motivos. Um deles \u00e9 que o seu p\u00fablico pode n\u00e3o estar nesta rede \u2014 ou as pessoas est\u00e3o l\u00e1 por outros objetivos.<\/p>\n\n\n\n<p>Especialmente para quem trabalha com neg\u00f3cios B2B, o LinkedIn pode ser mais interessante que o Instagram. Ent\u00e3o, a escolha depende de uma s\u00e9rie de fatores.<\/p>\n\n\n\n<p>Para quem trabalha com p\u00fablicos de mais idade, tamb\u00e9m, talvez o Facebook ainda seja uma op\u00e7\u00e3o melhor que o Instagram. <\/p>\n\n\n\n<p>Desta forma, \u00e9 importante analisar muito bem o seu p\u00fablico-alvo para identificar as melhores m\u00eddias sociais e obter um bom retorno do seu investimento.<\/p>\n\n\n\n<h2 class=\"wp-block-heading\"><span class=\"ez-toc-section\" id=\"2_Nao_tente_estar_presente_em_todos_os_lugares\"><\/span>2. N\u00e3o tente estar presente em todos os lugares<span class=\"ez-toc-section-end\"><\/span><\/h2>\n\n\n\n<p>A cada  momento surge uma rede social diferente. E se voc\u00ea parar para observar, elas veiculam formatos distintos de conte\u00fado. <\/p>\n\n\n\n<p>Ent\u00e3o, em algumas, o foco est\u00e1 no texto. Em outras, em imagens ou carross\u00e9is. Ultimamente, os <a href=\"https:\/\/conteudo.gerenteweb.com.br\/blog\/audiencia-em-videos-e-duas-vezes-maior-que-em-outros-canais\/\">v\u00eddeos est\u00e3o conquistando a audi\u00eancia<\/a> e espa\u00e7o nas redes sociais.<\/p>\n\n\n\n<p>Ent\u00e3o, a menos que a empresa tenha uma equipe enorme para produzir conte\u00fado, ela n\u00e3o conseguir\u00e1 manter todas as suas redes atualizadas.<\/p>\n\n\n\n<p>E mais que isso: mesmo que ela tenha uma equipe enorme, de que adianta gerar um esfor\u00e7o gigantesco se o seu p\u00fablico comprador n\u00e3o est\u00e1 l\u00e1?<\/p>\n\n\n\n<p>Portanto, escolha 2 ou 3 canais e trabalhe-os com qualidade. Sua empresa ter\u00e1 mais resultados do que fazendo 10 canais sem uma boa <a href=\"https:\/\/conteudo.gerenteweb.com.br\/blog\/analise-de-canais-na-estrategia-de-marketing\/\">estrat\u00e9gia de marketing<\/a>. <\/p>\n\n\n\n<h2 class=\"wp-block-heading\"><span class=\"ez-toc-section\" id=\"3_Nao_fale_dificil_nas_midias_sociais\"><\/span>3. N\u00e3o fale dif\u00edcil nas m\u00eddias sociais<span class=\"ez-toc-section-end\"><\/span><\/h2>\n\n\n\n<p>Com exce\u00e7\u00e3o do LinkedIn e Peixe 30, que s\u00e3o plataformas com foco em carreira, as pessoas costumam entrar em redes sociais para relaxar, se distrair, entreter.<\/p>\n\n\n\n<p>Isso n\u00e3o significa que voc\u00ea n\u00e3o possa conversar com elas a respeito de trabalho. Por\u00e9m, essa comunica\u00e7\u00e3o precisa ser mais leve e pessoal, sem tanta formalidade.<\/p>\n\n\n\n<p>Quem segue o Instagram de um advogado, por exemplo, n\u00e3o quer ouvir juridiqu\u00eas. Quer justamente entender seus direitos com uma linguagem acess\u00edvel e, de prefer\u00eancia, com exemplos.<\/p>\n\n\n\n<p>Nas redes sociais, as pessoas n\u00e3o acham que um profissional que fala dif\u00edcil \u00e9 mais inteligente. Elas s\u00f3 acham chato, mesmo. <\/p>\n\n\n\n<h2 class=\"wp-block-heading\"><span class=\"ez-toc-section\" id=\"4_Produza_conteudo_relevante_nas_midias_sociais\"><\/span>4. Produza conte\u00fado relevante nas m\u00eddias sociais<span class=\"ez-toc-section-end\"><\/span><\/h2>\n\n\n\n<p>O que as pessoas querem ver nas redes sociais? Em primeiro lugar, entretenimento. Em segundo lugar, informa\u00e7\u00f5es \u00fateis, que estejam em sua \u00e1rea de interesse. <\/p>\n\n\n\n<p>A proposta do <a href=\"https:\/\/conteudo.gerenteweb.com.br\/blog\/marketing-de-conteudo-o-que-e\/\">marketing de conte\u00fado<\/a> \u00e9 utilizar esses interesses do p\u00fablico para vender.<\/p>\n\n\n\n<p>Portanto, o seu p\u00fablico n\u00e3o quer chegar ao perfil da sua loja e ouvir &#8220;camisa branca R$ 130&#8221; ou  &#8220;a camisa branca com o melhor tecido da cidade&#8221;. <\/p>\n\n\n\n<p>Eles querem encontrar um v\u00eddeo ou um carrossel que mostre, com imagens &#8220;5 dicas para usar camisa branca, do trabalho ao happy hour&#8221;. <\/p>\n\n\n\n<p>Este post, sim, vai mostrar que uma \u00fanica pe\u00e7a pode fazer esta pessoa ficar estilosa no trabalho, na praia, no bar, na balada e no anivers\u00e1rio de crian\u00e7as da fam\u00edlia.<\/p>\n\n\n\n<p>Depois disso, a pessoa pensa &#8220;Nossa, eu preciso ter esta pe\u00e7a no meu guarda-roupas. Vou comprar&#8221;.  E \u00e9 capaz de comprar outras pe\u00e7as junto para compor diversos looks.<\/p>\n\n\n\n<p>Se, al\u00e9m disso, voc\u00ea conseguir misturar entretenimento ao seu conte\u00fado, ele ficar\u00e1 ainda melhor. <\/p>\n\n\n\n<p>Mas este passo depende n\u00e3o s\u00f3 de habilidade, mas tamb\u00e9m do tom de comunica\u00e7\u00e3o da marca. Por isso, deve ser analisado com cautela.<\/p>\n\n\n\n<h2 class=\"wp-block-heading\"><span class=\"ez-toc-section\" id=\"5_Tenha_uma_linha_editorial_bem_definida\"><\/span>5. Tenha uma linha editorial bem definida<span class=\"ez-toc-section-end\"><\/span><\/h2>\n\n\n\n<p>N\u00e3o vamos mentir: produzir conte\u00fado para as m\u00eddias sociais pode ser realmente muito cansativo. <\/p>\n\n\n\n<p>Assim, se quando chegar a hora de postar, voc\u00ea ainda vai pensar em que tipo de conte\u00fado vai produzir, fica bem complicado.<\/p>\n\n\n\n<p>Geralmente, as pessoas gostam de uma pitada de inova\u00e7\u00e3o em uma vasilha grande de repeti\u00e7\u00e3o. <\/p>\n\n\n\n<p>Portanto, aproveite isso e repita seus temas, mas de um jeito diferente.<\/p>\n\n\n\n<p>Crie linhas editoriais bem definidas: segunda-feira, seu post fala sobre um conceito importante da sua \u00e1rea. Na ter\u00e7a, traz um exemplo pr\u00e1tico. Na quarta, responde caixinhas de perguntas, e assim por diante.<\/p>\n\n\n\n<p>Assim, a produ\u00e7\u00e3o de conte\u00fado ficar\u00e1 mais f\u00e1cil para voc\u00ea e, al\u00e9m disso, as pessoas ficam na expectativa pelo &#8220;quadro&#8221; que elas mais gostam.<\/p>\n\n\n\n<h2 class=\"wp-block-heading\"><span class=\"ez-toc-section\" id=\"6_Nao_se_venda_para_o_engajamento\"><\/span>6. N\u00e3o se venda para o engajamento<span class=\"ez-toc-section-end\"><\/span><\/h2>\n\n\n\n<p>Engajamento \u00e9 importante, mas do jeito certo.  Sem esse cuidado, ele s\u00f3 traz p\u00fablico desqualificado.<\/p>\n\n\n\n<p>Voc\u00ea vai perceber que, nas m\u00eddias sociais, \u00e9 muito mais f\u00e1cil ganhar likes e coment\u00e1rios com conte\u00fados pol\u00eamicos, memes ou passando vergonha. <\/p>\n\n\n\n<p>Mas ser\u00e1 que vale a pena embarcar nessas ondas para ter engajamento? Afinal, o p\u00fablico que s\u00f3 quer esse tipo de conte\u00fado dificilmente comprar\u00e1 o que voc\u00ea tem a oferecer. <\/p>\n\n\n\n<p>Se um profissional vai para a rede social fazer dancinhas, ele pode atrair muitos seguidores assim. Especialmente se esta exposi\u00e7\u00e3o \u00e9, de certa forma, vexat\u00f3ria.<\/p>\n\n\n\n<p>Por\u00e9m, na hora que ele quiser falar do assunto referente ao seu neg\u00f3cio \u2014 de odontologia a automa\u00e7\u00e3o do atendimento \u2014 este mesmo p\u00fablico vai desaparecer ou at\u00e9 reclamar.<\/p>\n\n\n\n<p>Ent\u00e3o, n\u00e3o ceda aos encantos do engajamento a qualquer custo. \u00c9 melhor ter 1 mil seguidores interessados no seu assunto do que 1 milh\u00e3o sem interesse algum.<\/p>\n\n\n\n<h2 class=\"wp-block-heading\"><span class=\"ez-toc-section\" id=\"7_Relacione-se_com_seu_publico\"><\/span>7. Relacione-se com seu p\u00fablico<span class=\"ez-toc-section-end\"><\/span><\/h2>\n\n\n\n<p>As m\u00eddias sociais s\u00e3o, antes de tudo, <strong>sociais.<\/strong> Portanto, elas s\u00e3o um espa\u00e7o insubstitu\u00edvel de relacionamento entre o p\u00fablico e a marca. <\/p>\n\n\n\n<p>Ent\u00e3o, produza alguns conte\u00fados que humanizem a sua marca diante dos olhos das pessoas. <\/p>\n\n\n\n<p>Mostre bastidores, o ambiente sendo preparado para a chegada dos clientes, o cuidado ao confeccionar o produto ou sua embalagem, compartilhe um pouco da sua vida pessoal. <\/p>\n\n\n\n<p>Isso faz com que as pessoas se apaixonem pela marca. Assim, al\u00e9m de comprarem, elas se tornar\u00e3o suas defensoras e indicar\u00e3o seu neg\u00f3cio para outras.<\/p>\n\n\n\n<h2 class=\"wp-block-heading\"><span class=\"ez-toc-section\" id=\"8_Valorize_a_participacao_das_pessoas\"><\/span>8. Valorize a participa\u00e7\u00e3o das pessoas<span class=\"ez-toc-section-end\"><\/span><\/h2>\n\n\n\n<p>Nada deixa uma pessoa t\u00e3o feliz quanto perceber que foi vista por pessoas ou marcas que elas seguem. Assim, elas sentem que sua &#8220;devo\u00e7\u00e3o&#8221; foi recompensada.<\/p>\n\n\n\n<p>Uma das principais formas de promover a sua marca, deixar os seguidores felizes e formar uma verdadeira comunidade \u00e9 valorizar a participa\u00e7\u00e3o das pessoas.<\/p>\n\n\n\n<p>Ent\u00e3o, se a pessoa comprou um sapato da sua loja, postou o produto ou quando ela estava usando e marcou sua empresa, reposte em seus stories. <\/p>\n\n\n\n<p>Isso tem dois efeitos: em primeiro lugar, serve como prova social \u2014 quem comprou est\u00e1 recomendando seu produto. <\/p>\n\n\n\n<p>Por outro lado, valoriza quem faz parte da sua comunidade, passa a ideia de autenticidade, de realidade e reciprocidade.<\/p>\n\n\n\n<p>Afinal, n\u00e3o \u00e9 sem motivo que o conte\u00fado gerado pelo usu\u00e1rio \u00e9 uma das principais tend\u00eancias para marcas nos pr\u00f3ximos anos. <\/p>\n\n\n\n<h2 class=\"wp-block-heading\"><span class=\"ez-toc-section\" id=\"9_Utilize_as_ferramentas_da_plataforma\"><\/span>9. Utilize as ferramentas da plataforma<span class=\"ez-toc-section-end\"><\/span><\/h2>\n\n\n\n<p>Se a rede social tem alguma ferramenta que facilita a compra, use! Atualmente, o social commerce \u00e9 uma tend\u00eancia fort\u00edssima, e as plataformas est\u00e3o se adaptando.<\/p>\n\n\n\n<p>Algumas delas j\u00e1 t\u00eam lojas dentro do pr\u00f3prio aplicativo, como o Facebook e Twitter. <\/p>\n\n\n\n<p>Quanto mais f\u00e1cil for para o cliente comprar, mais f\u00e1cil ser\u00e1 para voc\u00ea vender. <\/p>\n\n\n\n<h2 class=\"wp-block-heading\"><span class=\"ez-toc-section\" id=\"10_Leve_as_pessoas_para_o_seu_territorio\"><\/span>10. Leve as pessoas para o seu territ\u00f3rio<span class=\"ez-toc-section-end\"><\/span><\/h2>\n\n\n\n<p>Sim,  as redes sociais s\u00e3o \u00f3timas para atrair pessoas. Por\u00e9m, a verdade \u00e9 que elas s\u00e3o empresas e t\u00eam regras para gerar lucros para seus acionistas.<\/p>\n\n\n\n<p>Assim, elas podem mudar seus algoritmos para que sua empresa seja vista por um n\u00famero cada vez menor de pessoas, para que voc\u00ea pague an\u00fancios. <\/p>\n\n\n\n<p>Al\u00e9m disso, o p\u00fablico migra de uma rede social para outras. Algumas pessoas que usavam muito o Instagram h\u00e1 dois anos hoje em dia quase s\u00f3 abrem o Tik Tok.<\/p>\n\n\n\n<p>Isso pode acontecer com outras redes, tamb\u00e9m. <\/p>\n\n\n\n<p>Ent\u00e3o, a \u00fanica forma de voc\u00ea n\u00e3o perder contato com essas pessoas \u00e9 trazendo-as para o seu territ\u00f3rio. <\/p>\n\n\n\n<p>Comece um conte\u00fado nas redes sociais e prepare outro mais profundo sobre o mesmo tema no seu site. Convide as pessoas a irem at\u00e9 l\u00e1 para ver.<\/p>\n\n\n\n<p>Mais que isso, tenha assinantes de uma newsletter. Essa \u00e9 uma forma de manter os contatos em sua base e acess\u00e1-los quando voc\u00ea deseja, e n\u00e3o quando o algoritmo quer.<\/p>\n\n\n\n<h2 class=\"wp-block-heading\"><span class=\"ez-toc-section\" id=\"11_Analise_as_metricas_das_midias_sociais\"><\/span>11. Analise as m\u00e9tricas das m\u00eddias sociais <span class=\"ez-toc-section-end\"><\/span><\/h2>\n\n\n\n<p>Conte\u00fado bom n\u00e3o \u00e9 o conte\u00fado que voc\u00ea acha bom, e sim aquele que atrai as pessoas e gera resultados.<\/p>\n\n\n\n<p>Ent\u00e3o, analise as m\u00e9tricas de suas postagens nas redes sociais. Veja quais foram as que obtiveram mais alcance, engajamento, compartilhamento e salvamentos.<\/p>\n\n\n\n<p>A partir dos posts campe\u00f5es, identifique os assuntos que geram mais respostas do seu p\u00fablico e at\u00e9 mesmo os formatos que fazem mais sucesso.<\/p>\n\n\n\n<p>O que funciona com eles: s\u00e3o imagens? Carross\u00e9is? V\u00eddeos curtos? V\u00eddeos mais longos? O post bomba quando voc\u00ea aparece? Eles preferem dicas e informa\u00e7\u00f5es \u00fateis? <\/p>\n\n\n\n<p>Com essas observa\u00e7\u00f5es, voc\u00ea vai aperfei\u00e7oando seus posts. Assim, encontrar\u00e1 uma f\u00f3rmula bem definida para alcan\u00e7ar os melhores resultados. <\/p>\n\n\n\n<p>Agora voc\u00ea j\u00e1 tem 11 dicas poderosas para transformar suas m\u00eddias sociais em geradoras de vendas.<\/p>\n\n\n\n<p>Gostou do post? Achou que ele pode ser \u00fatil para sua empresa? Experimente assinar a nossa newsletter gratuita, ent\u00e3o! Ela sempre traz muitas dicas imperd\u00edveis para vender mais usando tamb\u00e9m a internet.<\/p>\n\n\n\n<p><\/p>\n","protected":false},"excerpt":{"rendered":"<p>Sim, Instagram e Facebook n\u00e3o s\u00e3o apenas entretenimento. As m\u00eddias sociais se transformaram em ferramentas poderosas para vender. Segundo uma pesquisa divulgada pela Opinion Box, 82% dos usu\u00e1rios do Instagram seguem pelo menos uma marca na rede social Mas se voc\u00ea j\u00e1 tentou usar as m\u00eddias sociais para vender, tamb\u00e9m deve ter percebido que n\u00e3o &hellip; <\/p>\n<p class=\"link-more\"><a href=\"https:\/\/conteudo.gerenteweb.com.br\/blog\/use-as-midias-sociais-para-vender-mais\/\" class=\"more-link\">Continue lendo<span class=\"screen-reader-text\"> &#8220;M\u00eddias sociais: como elas podem aumentar o seu faturamento?&#8221;<\/span><\/a><\/p>\n","protected":false},"author":13,"featured_media":1829,"comment_status":"open","ping_status":"open","sticky":false,"template":"","format":"standard","meta":{"footnotes":""},"categories":[5],"tags":[179,180,30,257,37],"class_list":["post-1815","post","type-post","status-publish","format-standard","has-post-thumbnail","hentry","category-marketing-digital","tag-facebook","tag-instagram","tag-marketing-digital","tag-rede-social","tag-redes-sociais"],"yoast_head":"<!-- This site is optimized with the Yoast SEO plugin v27.3 - https:\/\/yoast.com\/product\/yoast-seo-wordpress\/ -->\n<title>M\u00eddias sociais: use-as para vender mais! - GerenteWeb<\/title>\n<meta name=\"description\" content=\"Voc\u00ea j\u00e1 tentou usar as m\u00eddias sociais para vender mais, mas n\u00e3o deu certo? Ent\u00e3o, confira este post e veja 11 dicas imperd\u00edveis!\" \/>\n<meta name=\"robots\" content=\"index, follow, max-snippet:-1, max-image-preview:large, max-video-preview:-1\" \/>\n<link rel=\"canonical\" href=\"https:\/\/conteudo.gerenteweb.com.br\/blog\/use-as-midias-sociais-para-vender-mais\/\" \/>\n<meta property=\"og:locale\" content=\"pt_BR\" \/>\n<meta property=\"og:type\" content=\"article\" \/>\n<meta property=\"og:title\" content=\"M\u00eddias sociais: use-as para vender mais! - GerenteWeb\" \/>\n<meta property=\"og:description\" content=\"Voc\u00ea j\u00e1 tentou usar as m\u00eddias sociais para vender mais, mas n\u00e3o deu certo? Ent\u00e3o, confira este post e veja 11 dicas imperd\u00edveis!\" \/>\n<meta property=\"og:url\" content=\"https:\/\/conteudo.gerenteweb.com.br\/blog\/use-as-midias-sociais-para-vender-mais\/\" \/>\n<meta property=\"og:site_name\" content=\"GerenteWeb\" \/>\n<meta property=\"article:publisher\" content=\"https:\/\/www.facebook.com\/Gerenteweb\/\" \/>\n<meta property=\"article:published_time\" content=\"2022-12-07T18:00:00+00:00\" \/>\n<meta property=\"og:image\" content=\"https:\/\/conteudo.gerenteweb.com.br\/blog\/wp-content\/uploads\/2022\/10\/midias-sociais.png\" \/>\n\t<meta property=\"og:image:width\" content=\"1200\" \/>\n\t<meta property=\"og:image:height\" content=\"628\" \/>\n\t<meta property=\"og:image:type\" content=\"image\/png\" \/>\n<meta name=\"author\" content=\"Roberta Pacheco\" \/>\n<meta name=\"twitter:card\" content=\"summary_large_image\" \/>\n<meta name=\"twitter:creator\" content=\"@gerenteweb\" \/>\n<meta name=\"twitter:site\" content=\"@gerenteweb\" \/>\n<meta name=\"twitter:label1\" content=\"Written by\" \/>\n\t<meta name=\"twitter:data1\" content=\"Roberta Pacheco\" \/>\n\t<meta name=\"twitter:label2\" content=\"Est. reading time\" \/>\n\t<meta name=\"twitter:data2\" content=\"8 minutos\" \/>\n<script type=\"application\/ld+json\" class=\"yoast-schema-graph\">{\"@context\":\"https:\\\/\\\/schema.org\",\"@graph\":[{\"@type\":\"Article\",\"@id\":\"https:\\\/\\\/conteudo.gerenteweb.com.br\\\/blog\\\/use-as-midias-sociais-para-vender-mais\\\/#article\",\"isPartOf\":{\"@id\":\"https:\\\/\\\/conteudo.gerenteweb.com.br\\\/blog\\\/use-as-midias-sociais-para-vender-mais\\\/\"},\"author\":{\"name\":\"Roberta Pacheco\",\"@id\":\"https:\\\/\\\/conteudo.gerenteweb.com.br\\\/blog\\\/#\\\/schema\\\/person\\\/1abee79f643dbafb4c43fe843970ed83\"},\"headline\":\"M\u00eddias sociais: como elas podem aumentar o seu faturamento?\",\"datePublished\":\"2022-12-07T18:00:00+00:00\",\"mainEntityOfPage\":{\"@id\":\"https:\\\/\\\/conteudo.gerenteweb.com.br\\\/blog\\\/use-as-midias-sociais-para-vender-mais\\\/\"},\"wordCount\":1758,\"commentCount\":0,\"publisher\":{\"@id\":\"https:\\\/\\\/conteudo.gerenteweb.com.br\\\/blog\\\/#organization\"},\"image\":{\"@id\":\"https:\\\/\\\/conteudo.gerenteweb.com.br\\\/blog\\\/use-as-midias-sociais-para-vender-mais\\\/#primaryimage\"},\"thumbnailUrl\":\"https:\\\/\\\/conteudo.gerenteweb.com.br\\\/blog\\\/wp-content\\\/uploads\\\/2022\\\/10\\\/midias-sociais.png\",\"keywords\":[\"facebook\",\"instagram\",\"marketing digital\",\"rede social\",\"redes sociais\"],\"articleSection\":[\"Marketing Digital\"],\"inLanguage\":\"pt-BR\",\"potentialAction\":[{\"@type\":\"CommentAction\",\"name\":\"Comment\",\"target\":[\"https:\\\/\\\/conteudo.gerenteweb.com.br\\\/blog\\\/use-as-midias-sociais-para-vender-mais\\\/#respond\"]}]},{\"@type\":\"WebPage\",\"@id\":\"https:\\\/\\\/conteudo.gerenteweb.com.br\\\/blog\\\/use-as-midias-sociais-para-vender-mais\\\/\",\"url\":\"https:\\\/\\\/conteudo.gerenteweb.com.br\\\/blog\\\/use-as-midias-sociais-para-vender-mais\\\/\",\"name\":\"M\u00eddias sociais: use-as para vender mais! - GerenteWeb\",\"isPartOf\":{\"@id\":\"https:\\\/\\\/conteudo.gerenteweb.com.br\\\/blog\\\/#website\"},\"primaryImageOfPage\":{\"@id\":\"https:\\\/\\\/conteudo.gerenteweb.com.br\\\/blog\\\/use-as-midias-sociais-para-vender-mais\\\/#primaryimage\"},\"image\":{\"@id\":\"https:\\\/\\\/conteudo.gerenteweb.com.br\\\/blog\\\/use-as-midias-sociais-para-vender-mais\\\/#primaryimage\"},\"thumbnailUrl\":\"https:\\\/\\\/conteudo.gerenteweb.com.br\\\/blog\\\/wp-content\\\/uploads\\\/2022\\\/10\\\/midias-sociais.png\",\"datePublished\":\"2022-12-07T18:00:00+00:00\",\"description\":\"Voc\u00ea j\u00e1 tentou usar as m\u00eddias sociais para vender mais, mas n\u00e3o deu certo? Ent\u00e3o, confira este post e veja 11 dicas imperd\u00edveis!\",\"breadcrumb\":{\"@id\":\"https:\\\/\\\/conteudo.gerenteweb.com.br\\\/blog\\\/use-as-midias-sociais-para-vender-mais\\\/#breadcrumb\"},\"inLanguage\":\"pt-BR\",\"potentialAction\":[{\"@type\":\"ReadAction\",\"target\":[\"https:\\\/\\\/conteudo.gerenteweb.com.br\\\/blog\\\/use-as-midias-sociais-para-vender-mais\\\/\"]}]},{\"@type\":\"ImageObject\",\"inLanguage\":\"pt-BR\",\"@id\":\"https:\\\/\\\/conteudo.gerenteweb.com.br\\\/blog\\\/use-as-midias-sociais-para-vender-mais\\\/#primaryimage\",\"url\":\"https:\\\/\\\/conteudo.gerenteweb.com.br\\\/blog\\\/wp-content\\\/uploads\\\/2022\\\/10\\\/midias-sociais.png\",\"contentUrl\":\"https:\\\/\\\/conteudo.gerenteweb.com.br\\\/blog\\\/wp-content\\\/uploads\\\/2022\\\/10\\\/midias-sociais.png\",\"width\":1200,\"height\":628,\"caption\":\"m\u00eddias sociais\"},{\"@type\":\"BreadcrumbList\",\"@id\":\"https:\\\/\\\/conteudo.gerenteweb.com.br\\\/blog\\\/use-as-midias-sociais-para-vender-mais\\\/#breadcrumb\",\"itemListElement\":[{\"@type\":\"ListItem\",\"position\":1,\"name\":\"In\u00edcio\",\"item\":\"https:\\\/\\\/conteudo.gerenteweb.com.br\\\/blog\\\/\"},{\"@type\":\"ListItem\",\"position\":2,\"name\":\"M\u00eddias sociais: como elas podem aumentar o seu faturamento?\"}]},{\"@type\":\"WebSite\",\"@id\":\"https:\\\/\\\/conteudo.gerenteweb.com.br\\\/blog\\\/#website\",\"url\":\"https:\\\/\\\/conteudo.gerenteweb.com.br\\\/blog\\\/\",\"name\":\"GerenteWeb\",\"description\":\"Marketing Digital\",\"publisher\":{\"@id\":\"https:\\\/\\\/conteudo.gerenteweb.com.br\\\/blog\\\/#organization\"},\"potentialAction\":[{\"@type\":\"SearchAction\",\"target\":{\"@type\":\"EntryPoint\",\"urlTemplate\":\"https:\\\/\\\/conteudo.gerenteweb.com.br\\\/blog\\\/?s={search_term_string}\"},\"query-input\":{\"@type\":\"PropertyValueSpecification\",\"valueRequired\":true,\"valueName\":\"search_term_string\"}}],\"inLanguage\":\"pt-BR\"},{\"@type\":\"Organization\",\"@id\":\"https:\\\/\\\/conteudo.gerenteweb.com.br\\\/blog\\\/#organization\",\"name\":\"GerenteWeb\",\"url\":\"https:\\\/\\\/conteudo.gerenteweb.com.br\\\/blog\\\/\",\"logo\":{\"@type\":\"ImageObject\",\"inLanguage\":\"pt-BR\",\"@id\":\"https:\\\/\\\/conteudo.gerenteweb.com.br\\\/blog\\\/#\\\/schema\\\/logo\\\/image\\\/\",\"url\":\"https:\\\/\\\/conteudo.gerenteweb.com.br\\\/blog\\\/wp-content\\\/uploads\\\/2015\\\/12\\\/logo-gerenteweb.png\",\"contentUrl\":\"https:\\\/\\\/conteudo.gerenteweb.com.br\\\/blog\\\/wp-content\\\/uploads\\\/2015\\\/12\\\/logo-gerenteweb.png\",\"width\":229,\"height\":54,\"caption\":\"GerenteWeb\"},\"image\":{\"@id\":\"https:\\\/\\\/conteudo.gerenteweb.com.br\\\/blog\\\/#\\\/schema\\\/logo\\\/image\\\/\"},\"sameAs\":[\"https:\\\/\\\/www.facebook.com\\\/Gerenteweb\\\/\",\"https:\\\/\\\/x.com\\\/gerenteweb\",\"https:\\\/\\\/www.linkedin.com\\\/company\\\/gerenteweb\"]},{\"@type\":\"Person\",\"@id\":\"https:\\\/\\\/conteudo.gerenteweb.com.br\\\/blog\\\/#\\\/schema\\\/person\\\/1abee79f643dbafb4c43fe843970ed83\",\"name\":\"Roberta Pacheco\",\"image\":{\"@type\":\"ImageObject\",\"inLanguage\":\"pt-BR\",\"@id\":\"https:\\\/\\\/secure.gravatar.com\\\/avatar\\\/eaa834a4c31dd7211c86aa58c6bd0e0494a9e990c072127ae031e7ac9be33e83?s=96&d=mm&r=g\",\"url\":\"https:\\\/\\\/secure.gravatar.com\\\/avatar\\\/eaa834a4c31dd7211c86aa58c6bd0e0494a9e990c072127ae031e7ac9be33e83?s=96&d=mm&r=g\",\"contentUrl\":\"https:\\\/\\\/secure.gravatar.com\\\/avatar\\\/eaa834a4c31dd7211c86aa58c6bd0e0494a9e990c072127ae031e7ac9be33e83?s=96&d=mm&r=g\",\"caption\":\"Roberta Pacheco\"},\"url\":\"https:\\\/\\\/conteudo.gerenteweb.com.br\\\/blog\\\/author\\\/roberta\\\/\"}]}<\/script>\n<!-- \/ Yoast SEO plugin. -->","yoast_head_json":{"title":"M\u00eddias sociais: use-as para vender mais! - GerenteWeb","description":"Voc\u00ea j\u00e1 tentou usar as m\u00eddias sociais para vender mais, mas n\u00e3o deu certo? Ent\u00e3o, confira este post e veja 11 dicas imperd\u00edveis!","robots":{"index":"index","follow":"follow","max-snippet":"max-snippet:-1","max-image-preview":"max-image-preview:large","max-video-preview":"max-video-preview:-1"},"canonical":"https:\/\/conteudo.gerenteweb.com.br\/blog\/use-as-midias-sociais-para-vender-mais\/","og_locale":"pt_BR","og_type":"article","og_title":"M\u00eddias sociais: use-as para vender mais! - GerenteWeb","og_description":"Voc\u00ea j\u00e1 tentou usar as m\u00eddias sociais para vender mais, mas n\u00e3o deu certo? Ent\u00e3o, confira este post e veja 11 dicas imperd\u00edveis!","og_url":"https:\/\/conteudo.gerenteweb.com.br\/blog\/use-as-midias-sociais-para-vender-mais\/","og_site_name":"GerenteWeb","article_publisher":"https:\/\/www.facebook.com\/Gerenteweb\/","article_published_time":"2022-12-07T18:00:00+00:00","og_image":[{"width":1200,"height":628,"url":"https:\/\/conteudo.gerenteweb.com.br\/blog\/wp-content\/uploads\/2022\/10\/midias-sociais.png","type":"image\/png"}],"author":"Roberta Pacheco","twitter_card":"summary_large_image","twitter_creator":"@gerenteweb","twitter_site":"@gerenteweb","twitter_misc":{"Written by":"Roberta Pacheco","Est. reading time":"8 minutos"},"schema":{"@context":"https:\/\/schema.org","@graph":[{"@type":"Article","@id":"https:\/\/conteudo.gerenteweb.com.br\/blog\/use-as-midias-sociais-para-vender-mais\/#article","isPartOf":{"@id":"https:\/\/conteudo.gerenteweb.com.br\/blog\/use-as-midias-sociais-para-vender-mais\/"},"author":{"name":"Roberta Pacheco","@id":"https:\/\/conteudo.gerenteweb.com.br\/blog\/#\/schema\/person\/1abee79f643dbafb4c43fe843970ed83"},"headline":"M\u00eddias sociais: como elas podem aumentar o seu faturamento?","datePublished":"2022-12-07T18:00:00+00:00","mainEntityOfPage":{"@id":"https:\/\/conteudo.gerenteweb.com.br\/blog\/use-as-midias-sociais-para-vender-mais\/"},"wordCount":1758,"commentCount":0,"publisher":{"@id":"https:\/\/conteudo.gerenteweb.com.br\/blog\/#organization"},"image":{"@id":"https:\/\/conteudo.gerenteweb.com.br\/blog\/use-as-midias-sociais-para-vender-mais\/#primaryimage"},"thumbnailUrl":"https:\/\/conteudo.gerenteweb.com.br\/blog\/wp-content\/uploads\/2022\/10\/midias-sociais.png","keywords":["facebook","instagram","marketing digital","rede social","redes sociais"],"articleSection":["Marketing Digital"],"inLanguage":"pt-BR","potentialAction":[{"@type":"CommentAction","name":"Comment","target":["https:\/\/conteudo.gerenteweb.com.br\/blog\/use-as-midias-sociais-para-vender-mais\/#respond"]}]},{"@type":"WebPage","@id":"https:\/\/conteudo.gerenteweb.com.br\/blog\/use-as-midias-sociais-para-vender-mais\/","url":"https:\/\/conteudo.gerenteweb.com.br\/blog\/use-as-midias-sociais-para-vender-mais\/","name":"M\u00eddias sociais: use-as para vender mais! - GerenteWeb","isPartOf":{"@id":"https:\/\/conteudo.gerenteweb.com.br\/blog\/#website"},"primaryImageOfPage":{"@id":"https:\/\/conteudo.gerenteweb.com.br\/blog\/use-as-midias-sociais-para-vender-mais\/#primaryimage"},"image":{"@id":"https:\/\/conteudo.gerenteweb.com.br\/blog\/use-as-midias-sociais-para-vender-mais\/#primaryimage"},"thumbnailUrl":"https:\/\/conteudo.gerenteweb.com.br\/blog\/wp-content\/uploads\/2022\/10\/midias-sociais.png","datePublished":"2022-12-07T18:00:00+00:00","description":"Voc\u00ea j\u00e1 tentou usar as m\u00eddias sociais para vender mais, mas n\u00e3o deu certo? Ent\u00e3o, confira este post e veja 11 dicas imperd\u00edveis!","breadcrumb":{"@id":"https:\/\/conteudo.gerenteweb.com.br\/blog\/use-as-midias-sociais-para-vender-mais\/#breadcrumb"},"inLanguage":"pt-BR","potentialAction":[{"@type":"ReadAction","target":["https:\/\/conteudo.gerenteweb.com.br\/blog\/use-as-midias-sociais-para-vender-mais\/"]}]},{"@type":"ImageObject","inLanguage":"pt-BR","@id":"https:\/\/conteudo.gerenteweb.com.br\/blog\/use-as-midias-sociais-para-vender-mais\/#primaryimage","url":"https:\/\/conteudo.gerenteweb.com.br\/blog\/wp-content\/uploads\/2022\/10\/midias-sociais.png","contentUrl":"https:\/\/conteudo.gerenteweb.com.br\/blog\/wp-content\/uploads\/2022\/10\/midias-sociais.png","width":1200,"height":628,"caption":"m\u00eddias sociais"},{"@type":"BreadcrumbList","@id":"https:\/\/conteudo.gerenteweb.com.br\/blog\/use-as-midias-sociais-para-vender-mais\/#breadcrumb","itemListElement":[{"@type":"ListItem","position":1,"name":"In\u00edcio","item":"https:\/\/conteudo.gerenteweb.com.br\/blog\/"},{"@type":"ListItem","position":2,"name":"M\u00eddias sociais: como elas podem aumentar o seu faturamento?"}]},{"@type":"WebSite","@id":"https:\/\/conteudo.gerenteweb.com.br\/blog\/#website","url":"https:\/\/conteudo.gerenteweb.com.br\/blog\/","name":"GerenteWeb","description":"Marketing Digital","publisher":{"@id":"https:\/\/conteudo.gerenteweb.com.br\/blog\/#organization"},"potentialAction":[{"@type":"SearchAction","target":{"@type":"EntryPoint","urlTemplate":"https:\/\/conteudo.gerenteweb.com.br\/blog\/?s={search_term_string}"},"query-input":{"@type":"PropertyValueSpecification","valueRequired":true,"valueName":"search_term_string"}}],"inLanguage":"pt-BR"},{"@type":"Organization","@id":"https:\/\/conteudo.gerenteweb.com.br\/blog\/#organization","name":"GerenteWeb","url":"https:\/\/conteudo.gerenteweb.com.br\/blog\/","logo":{"@type":"ImageObject","inLanguage":"pt-BR","@id":"https:\/\/conteudo.gerenteweb.com.br\/blog\/#\/schema\/logo\/image\/","url":"https:\/\/conteudo.gerenteweb.com.br\/blog\/wp-content\/uploads\/2015\/12\/logo-gerenteweb.png","contentUrl":"https:\/\/conteudo.gerenteweb.com.br\/blog\/wp-content\/uploads\/2015\/12\/logo-gerenteweb.png","width":229,"height":54,"caption":"GerenteWeb"},"image":{"@id":"https:\/\/conteudo.gerenteweb.com.br\/blog\/#\/schema\/logo\/image\/"},"sameAs":["https:\/\/www.facebook.com\/Gerenteweb\/","https:\/\/x.com\/gerenteweb","https:\/\/www.linkedin.com\/company\/gerenteweb"]},{"@type":"Person","@id":"https:\/\/conteudo.gerenteweb.com.br\/blog\/#\/schema\/person\/1abee79f643dbafb4c43fe843970ed83","name":"Roberta Pacheco","image":{"@type":"ImageObject","inLanguage":"pt-BR","@id":"https:\/\/secure.gravatar.com\/avatar\/eaa834a4c31dd7211c86aa58c6bd0e0494a9e990c072127ae031e7ac9be33e83?s=96&d=mm&r=g","url":"https:\/\/secure.gravatar.com\/avatar\/eaa834a4c31dd7211c86aa58c6bd0e0494a9e990c072127ae031e7ac9be33e83?s=96&d=mm&r=g","contentUrl":"https:\/\/secure.gravatar.com\/avatar\/eaa834a4c31dd7211c86aa58c6bd0e0494a9e990c072127ae031e7ac9be33e83?s=96&d=mm&r=g","caption":"Roberta Pacheco"},"url":"https:\/\/conteudo.gerenteweb.com.br\/blog\/author\/roberta\/"}]}},"_links":{"self":[{"href":"https:\/\/conteudo.gerenteweb.com.br\/blog\/wp-json\/wp\/v2\/posts\/1815","targetHints":{"allow":["GET"]}}],"collection":[{"href":"https:\/\/conteudo.gerenteweb.com.br\/blog\/wp-json\/wp\/v2\/posts"}],"about":[{"href":"https:\/\/conteudo.gerenteweb.com.br\/blog\/wp-json\/wp\/v2\/types\/post"}],"author":[{"embeddable":true,"href":"https:\/\/conteudo.gerenteweb.com.br\/blog\/wp-json\/wp\/v2\/users\/13"}],"replies":[{"embeddable":true,"href":"https:\/\/conteudo.gerenteweb.com.br\/blog\/wp-json\/wp\/v2\/comments?post=1815"}],"version-history":[{"count":5,"href":"https:\/\/conteudo.gerenteweb.com.br\/blog\/wp-json\/wp\/v2\/posts\/1815\/revisions"}],"predecessor-version":[{"id":1825,"href":"https:\/\/conteudo.gerenteweb.com.br\/blog\/wp-json\/wp\/v2\/posts\/1815\/revisions\/1825"}],"wp:featuredmedia":[{"embeddable":true,"href":"https:\/\/conteudo.gerenteweb.com.br\/blog\/wp-json\/wp\/v2\/media\/1829"}],"wp:attachment":[{"href":"https:\/\/conteudo.gerenteweb.com.br\/blog\/wp-json\/wp\/v2\/media?parent=1815"}],"wp:term":[{"taxonomy":"category","embeddable":true,"href":"https:\/\/conteudo.gerenteweb.com.br\/blog\/wp-json\/wp\/v2\/categories?post=1815"},{"taxonomy":"post_tag","embeddable":true,"href":"https:\/\/conteudo.gerenteweb.com.br\/blog\/wp-json\/wp\/v2\/tags?post=1815"}],"curies":[{"name":"wp","href":"https:\/\/api.w.org\/{rel}","templated":true}]}}