{"id":1900,"date":"2023-05-17T15:00:35","date_gmt":"2023-05-17T18:00:35","guid":{"rendered":"https:\/\/conteudo.gerenteweb.com.br\/blog\/?p=1900"},"modified":"2023-04-28T14:16:54","modified_gmt":"2023-04-28T17:16:54","slug":"comunidades-virtuais-e-o-futuro-do-marketing","status":"publish","type":"post","link":"https:\/\/conteudo.gerenteweb.com.br\/blog\/comunidades-virtuais-e-o-futuro-do-marketing\/","title":{"rendered":"Comunidades virtuais: qual \u00e9 a import\u00e2ncia delas para o futuro do marketing?"},"content":{"rendered":"\n<p>Sua rede social n\u00e3o d\u00e1 resultado porque voc\u00ea est\u00e1 usando errado! Sim, muitas empresas focam no aumento do n\u00famero de seguidores, enquanto deveriam se empenhar para a forma\u00e7\u00e3o de comunidades virtuais.<\/p>\n\n\n\n<p>Mas e voc\u00ea, tem ideia do que \u00e9 uma comunidade virtual, de sua import\u00e2ncia e de como construir uma em torno da sua marca? Ent\u00e3o, n\u00e3o perca este post! <\/p>\n\n\n\n<p>N\u00f3s vamos explicar tudo que voc\u00ea precisa saber sobre como formar comunidades virtuais vibrantes, engajadas e f\u00e3s da sua marca. Confira!<\/p>\n\n\n\n<div id=\"ez-toc-container\" class=\"ez-toc-v2_0_82_2 counter-hierarchy ez-toc-counter ez-toc-grey ez-toc-container-direction\">\n<p class=\"ez-toc-title\" style=\"cursor:inherit\">Table of Contents<\/p>\n<label for=\"ez-toc-cssicon-toggle-item-69f5bf01e6065\" class=\"ez-toc-cssicon-toggle-label\"><span class=\"\"><span class=\"eztoc-hide\" style=\"display:none;\">Toggle<\/span><span class=\"ez-toc-icon-toggle-span\"><svg style=\"fill: #999;color:#999\" xmlns=\"http:\/\/www.w3.org\/2000\/svg\" class=\"list-377408\" width=\"20px\" height=\"20px\" viewBox=\"0 0 24 24\" fill=\"none\"><path d=\"M6 6H4v2h2V6zm14 0H8v2h12V6zM4 11h2v2H4v-2zm16 0H8v2h12v-2zM4 16h2v2H4v-2zm16 0H8v2h12v-2z\" fill=\"currentColor\"><\/path><\/svg><svg style=\"fill: #999;color:#999\" class=\"arrow-unsorted-368013\" xmlns=\"http:\/\/www.w3.org\/2000\/svg\" width=\"10px\" height=\"10px\" viewBox=\"0 0 24 24\" version=\"1.2\" baseProfile=\"tiny\"><path d=\"M18.2 9.3l-6.2-6.3-6.2 6.3c-.2.2-.3.4-.3.7s.1.5.3.7c.2.2.4.3.7.3h11c.3 0 .5-.1.7-.3.2-.2.3-.5.3-.7s-.1-.5-.3-.7zM5.8 14.7l6.2 6.3 6.2-6.3c.2-.2.3-.5.3-.7s-.1-.5-.3-.7c-.2-.2-.4-.3-.7-.3h-11c-.3 0-.5.1-.7.3-.2.2-.3.5-.3.7s.1.5.3.7z\"\/><\/svg><\/span><\/span><\/label><input type=\"checkbox\"  id=\"ez-toc-cssicon-toggle-item-69f5bf01e6065\"  aria-label=\"Toggle\" \/><nav><ul class='ez-toc-list ez-toc-list-level-1 ' ><li class='ez-toc-page-1 ez-toc-heading-level-2'><a class=\"ez-toc-link ez-toc-heading-1\" href=\"https:\/\/conteudo.gerenteweb.com.br\/blog\/comunidades-virtuais-e-o-futuro-do-marketing\/#O_que_sao_comunidades_virtuais\" >O que s\u00e3o comunidades virtuais?<\/a><\/li><li class='ez-toc-page-1 ez-toc-heading-level-2'><a class=\"ez-toc-link ez-toc-heading-2\" href=\"https:\/\/conteudo.gerenteweb.com.br\/blog\/comunidades-virtuais-e-o-futuro-do-marketing\/#Por_que_e_importante_criar_comunidades_virtuais\" >Por que \u00e9 importante criar comunidades virtuais?<\/a><\/li><li class='ez-toc-page-1 ez-toc-heading-level-2'><a class=\"ez-toc-link ez-toc-heading-3\" href=\"https:\/\/conteudo.gerenteweb.com.br\/blog\/comunidades-virtuais-e-o-futuro-do-marketing\/#Como_construir_comunidades_virtuais_engajadas\" >Como construir comunidades virtuais engajadas?<\/a><ul class='ez-toc-list-level-3' ><li class='ez-toc-heading-level-3'><a class=\"ez-toc-link ez-toc-heading-4\" href=\"https:\/\/conteudo.gerenteweb.com.br\/blog\/comunidades-virtuais-e-o-futuro-do-marketing\/#Comunique_suas_crencas\" >Comunique suas cren\u00e7as<\/a><\/li><li class='ez-toc-page-1 ez-toc-heading-level-3'><a class=\"ez-toc-link ez-toc-heading-5\" href=\"https:\/\/conteudo.gerenteweb.com.br\/blog\/comunidades-virtuais-e-o-futuro-do-marketing\/#Seja_util_a_sua_audiencia\" >Seja \u00fatil \u00e0 sua audi\u00eancia<\/a><\/li><li class='ez-toc-page-1 ez-toc-heading-level-3'><a class=\"ez-toc-link ez-toc-heading-6\" href=\"https:\/\/conteudo.gerenteweb.com.br\/blog\/comunidades-virtuais-e-o-futuro-do-marketing\/#Compartilhe_conteudo_que_engaja_seu_publico\" >Compartilhe conte\u00fado que engaja seu p\u00fablico<\/a><\/li><li class='ez-toc-page-1 ez-toc-heading-level-3'><a class=\"ez-toc-link ez-toc-heading-7\" href=\"https:\/\/conteudo.gerenteweb.com.br\/blog\/comunidades-virtuais-e-o-futuro-do-marketing\/#Convide_as_pessoas_a_participarem_dos_seus_bastidores\" >Convide as pessoas a participarem dos seus bastidores<\/a><\/li><li class='ez-toc-page-1 ez-toc-heading-level-3'><a class=\"ez-toc-link ez-toc-heading-8\" href=\"https:\/\/conteudo.gerenteweb.com.br\/blog\/comunidades-virtuais-e-o-futuro-do-marketing\/#Prestigie_a_audiencia_das_comunidades_virtuais\" >Prestigie a audi\u00eancia das comunidades virtuais<\/a><\/li><li class='ez-toc-page-1 ez-toc-heading-level-3'><a class=\"ez-toc-link ez-toc-heading-9\" href=\"https:\/\/conteudo.gerenteweb.com.br\/blog\/comunidades-virtuais-e-o-futuro-do-marketing\/#Nao_use_CTAs_de_motivos_para_o_engajamento\" >N\u00e3o use CTAs, d\u00ea motivos para o engajamento<\/a><\/li><li class='ez-toc-page-1 ez-toc-heading-level-3'><a class=\"ez-toc-link ez-toc-heading-10\" href=\"https:\/\/conteudo.gerenteweb.com.br\/blog\/comunidades-virtuais-e-o-futuro-do-marketing\/#Compartilhe_o_conteudo_gerado_pelo_usuario\" >Compartilhe o conte\u00fado gerado pelo usu\u00e1rio<\/a><\/li><\/ul><\/li><\/ul><\/nav><\/div>\n<h2 class=\"wp-block-heading\"><span class=\"ez-toc-section\" id=\"O_que_sao_comunidades_virtuais\"><\/span>O que s\u00e3o comunidades virtuais? <span class=\"ez-toc-section-end\"><\/span><\/h2>\n\n\n\n<p>No contexto do marketing, uma comunidade virtual \u00e9 um grupo de pessoas que, al\u00e9m de seguidoras de um perfil ou de uma empresa, se unem em torno de cren\u00e7as que compartilham com a marca. <\/p>\n\n\n\n<p>Inclusive, atualmente, n\u00f3s usamos o nome comunidade virtual. Por\u00e9m, voc\u00ea tamb\u00e9m vai encontrar este conceito sob o nome de comunidade de marca. <\/p>\n\n\n\n<p>Quando a empresa consegue criar uma comunidade, as pessoas desenvolvem uma rela\u00e7\u00e3o afetiva com a marca. Isso significa que ela vai al\u00e9m da simples troca de uma soma de dinheiro por um produto.<\/p>\n\n\n\n<p>Elas desenvolvem uma paix\u00e3o, uma identifica\u00e7\u00e3o com o que a empresa representa. No mercado, essas pessoas s\u00e3o chamadas de &#8220;Brand Lovers&#8221;, ou seja, amantes da marca.<\/p>\n\n\n\n<p>Os brand lovers amam a marca, se engajam em suas a\u00e7\u00f5es de marketing, usam a marca sempre que podem, defendem a marca diante de alguma pol\u00eamica. <\/p>\n\n\n\n<p>Eles fazem marketing para o seu neg\u00f3cio sem que voc\u00ea tenha pago por isso. Para eles, a recompensa \u00e9 o amor por uma ideia ou cren\u00e7a que eles compartilham com sua empresa.<\/p>\n\n\n\n<h2 class=\"wp-block-heading\"><span class=\"ez-toc-section\" id=\"Por_que_e_importante_criar_comunidades_virtuais\"><\/span>Por que \u00e9 importante criar comunidades virtuais? <span class=\"ez-toc-section-end\"><\/span><\/h2>\n\n\n\n<p>Em resumo, quem consegue criar comunidades virtuais t\u00eam engajamento e vendas. Isso \u00e9 o que uma empresa mais quer, n\u00e3o \u00e9 mesmo?<\/p>\n\n\n\n<p>Por\u00e9m, n\u00e3o \u00e9 s\u00f3 isso. Diante do surgimento de ferramentas de intelig\u00eancia artificial, como o Chat GPT, as estrat\u00e9gias de marketing, da forma como n\u00f3s conhecemos, podem ser altamente impactadas. <\/p>\n\n\n\n<p>Pense bem: atualmente, as pessoas procuram conte\u00fado no Google, certo? Consequentemente, elas encontram ali links de muitas empresas que oferecem respostas. <\/p>\n\n\n\n<p>Se elas substitu\u00edrem uma ferramenta de buscas como o Google por outra ferramenta que traz a resposta pronta, como o Chat GPT, tudo isso pode mudar. <\/p>\n\n\n\n<p>Os caminhos aos quais esta revolu\u00e7\u00e3o nos levar\u00e1 ainda s\u00e3o incertos. Por\u00e9m, se voc\u00ea construir hoje uma comunidade em torno da sua marca nas redes sociais, ser\u00e1 mais f\u00e1cil conduzir este p\u00fablico por outras estradas, sejam elas quais forem. <\/p>\n\n\n\n<p>Mas esse \u00e9 um assunto com muitos desdobramentos. A conversa mais longa vai ter que ficar para outro dia, porque com certeza voc\u00ea est\u00e1 interessado em saber como construir comunidades virtuais.   <\/p>\n\n\n\n<h2 class=\"wp-block-heading\"><span class=\"ez-toc-section\" id=\"Como_construir_comunidades_virtuais_engajadas\"><\/span>Como construir comunidades virtuais engajadas?  <span class=\"ez-toc-section-end\"><\/span><\/h2>\n\n\n\n<p>Se ter comunidades virtuais \u00e9 t\u00e3o importante para as marcas, como fazer isso? Selecionamos alguns passos que n\u00e3o podem faltar na sua estrat\u00e9gia.<\/p>\n\n\n\n<h3 class=\"wp-block-heading\"><span class=\"ez-toc-section\" id=\"Comunique_suas_crencas\"><\/span>Comunique suas cren\u00e7as<span class=\"ez-toc-section-end\"><\/span><\/h3>\n\n\n\n<p>Calma! N\u00f3s n\u00e3o estamos incentivando voc\u00ea a falar de religi\u00e3o ou de pol\u00edtica no seu perfil. Esses temas s\u00e3o pol\u00eamicos, geram engajamento, mas n\u00e3o s\u00e3o o foco da nossa a\u00e7\u00e3o.<\/p>\n\n\n\n<p>Quando falamos em comunidade, a pr\u00f3pria palavra j\u00e1 nos d\u00e1 uma pista de por onde come\u00e7ar. As pessoas que est\u00e3o ali, devem ter algo em comum. Esse &#8220;algo em comum&#8221; \u00e9 uma cren\u00e7a.<\/p>\n\n\n\n<p>Todo empresa tem (ou deveria ter) uma cren\u00e7a ou premissa que conversa com um desejo ou aspira\u00e7\u00e3o do seu p\u00fablico. Usar esta cren\u00e7a transforma a marca em uma refer\u00eancia para sua comunidade.<\/p>\n\n\n\n<p>Uma cl\u00ednica de cirurgia pl\u00e1stica, por exemplo, pode conquistar uma comunidade forte se, atrav\u00e9s de seu assunto principal, ela deixar clara a sua cren\u00e7a de que toda mulher pode ser como ela deseja. Essa \u00e9 uma aspira\u00e7\u00e3o de seu p\u00fablico. <\/p>\n\n\n\n<p>J\u00e1 uma cl\u00ednica de dermatologia est\u00e9tica pode divulgar a cren\u00e7a de que envelhecer \u00e9 opcional. Uma loja de m\u00f3veis e decora\u00e7\u00e3o, a de que seu ambiente pode ser um espelho da sua personalidade, e assim por diante.<\/p>\n\n\n\n<p>Quando as pessoas encontram esse pensamento em comum, elas passam a admirar mais a sua marca do que outra que s\u00f3 vende produtos. <\/p>\n\n\n\n<h3 class=\"wp-block-heading\"><span class=\"ez-toc-section\" id=\"Seja_util_a_sua_audiencia\"><\/span>Seja \u00fatil \u00e0 sua audi\u00eancia<span class=\"ez-toc-section-end\"><\/span><\/h3>\n\n\n\n<p>N\u00e3o fique produzindo conte\u00fado que simplesmente faz propaganda da sua empresa. Honestamente, \u00e9 muito chato. \u00c9 como rolar o feed da rede social e s\u00f3 ver propagandas.<\/p>\n\n\n\n<p>O que as pessoas buscam nas redes sociais \u00e9, em primeiro lugar, entretenimento. Depois, informa\u00e7\u00f5es que elas consideram \u00fateis. <\/p>\n\n\n\n<p>Como fazer isso no seu perfil? \u00c9 mais simples do que voc\u00ea imagina! Vamos aos exemplos, porque eles sempre nos fazem compreender melhor.<\/p>\n\n\n\n<p>Imagine que voc\u00ea tem uma perfumaria e deseja vender produtos para cuidados com a pele. O que as empresas geralmente fazem? Colocam o produto e seu pre\u00e7o. Est\u00e1 errado!<\/p>\n\n\n\n<p>Pense se, em vez de estar rolando o feed e ver esta publica\u00e7\u00e3o, a pessoa encontra um v\u00eddeo curto, no estilo Reels, falando dos 5 passos que n\u00e3o podem faltar na rotina de skincare.<\/p>\n\n\n\n<p>Veja que ningu\u00e9m precisa falar nada. Basta a pessoa ir mostrando os produtinhos, colocar uma legenda embaixo (1. limpeza; 2. tratamento; 3. hidrata\u00e7\u00e3o, e assim por diante). <\/p>\n\n\n\n<p>A pessoa sente que este conte\u00fado \u00e9 \u00fatil, que mostrou para ela as etapas do skincare, apontou poss\u00edveis erros e ainda indicou produtos. <\/p>\n\n\n\n<p>Pode ter certeza de que, al\u00e9m de vender mais (principalmente este produto), a pessoa se sentir\u00e1 mais motivada a curtir, salvar e at\u00e9 mesmo compartilhar seu conte\u00fado.  <\/p>\n\n\n\n<h3 class=\"wp-block-heading\"><span class=\"ez-toc-section\" id=\"Compartilhe_conteudo_que_engaja_seu_publico\"><\/span>Compartilhe conte\u00fado que engaja seu p\u00fablico<span class=\"ez-toc-section-end\"><\/span><\/h3>\n\n\n\n<p>Existem conte\u00fados que as pessoas veem e, por mais que tenham gostado, elas simplesmente guardam para si e passam para o pr\u00f3ximo.<\/p>\n\n\n\n<p>J\u00e1 outros promovem o engajamento, pois a pessoa se sente quase que obrigada a comentar aquilo ou compartilhar alguma experi\u00eancia referente ao tema. <\/p>\n\n\n\n<p>Alguns conte\u00fados que fazem isso s\u00e3o os memes, desde que o seu p\u00fablico responda bem a esse tipo de publica\u00e7\u00e3o. Estude bem a sua persona para saber se essa estrat\u00e9gia \u00e9 compat\u00edvel.<\/p>\n\n\n\n<p>Outros conte\u00fados que engajam muito s\u00e3o aqueles que gamificam. Ent\u00e3o, eles apresentam algumas op\u00e7\u00f5es em imagens e pedem para as pessoas comentarem embaixo com qual delas se identificam. <\/p>\n\n\n\n<p>Lembre-se de que a rede social \u00e9 uma rede de relacionamentos, \u00e9 um espa\u00e7o de conversa. Por\u00e9m, para que as pessoas respondam, voc\u00ea precisa provoc\u00e1-las de forma inteligente.<\/p>\n\n\n\n<h3 class=\"wp-block-heading\"><span class=\"ez-toc-section\" id=\"Convide_as_pessoas_a_participarem_dos_seus_bastidores\"><\/span>Convide as pessoas a participarem dos seus bastidores<span class=\"ez-toc-section-end\"><\/span><\/h3>\n\n\n\n<p>Se as pessoas sentirem que elas fazem parte dos bastidores do seu neg\u00f3cio, da sua rotina e da sua vida, suas chances de formar uma comunidade se tornam muito maiores.<\/p>\n\n\n\n<p>N\u00e3o precisa ser blogueiro e mostrar cada minuto do seu dia. As redes sociais nem permitem tudo isso. <\/p>\n\n\n\n<p>Voc\u00ea pode escolher, sim, realizar esta blogueiragem. Funciona para muitos segmentos. Mas tamb\u00e9m \u00e9 poss\u00edvel mostrar seus bastidores de outra forma, refor\u00e7ando a ideia de que voc\u00ea ou sua empresa s\u00e3o autoridade nesta \u00e1rea.   <\/p>\n\n\n\n<p>Nesses bastidores, crie rituais, mostre como os produtos s\u00e3o preparados com carinho para entrega, entre muitos outros conte\u00fados que fazem a pessoa participar do seu dia a dia e se sentir mais \u00edntima, mesmo. <\/p>\n\n\n\n<h3 class=\"wp-block-heading\"><span class=\"ez-toc-section\" id=\"Prestigie_a_audiencia_das_comunidades_virtuais\"><\/span>Prestigie a audi\u00eancia das comunidades virtuais <span class=\"ez-toc-section-end\"><\/span><\/h3>\n\n\n\n<p>J\u00e1 pensou em prestigiar sua audi\u00eancia com mimos? Fa\u00e7a um grupo com seus seguidores mais fi\u00e9is, aquelas pessoas mais engajadas, que compartilham seu conte\u00fado e oferecem benef\u00edcios.<\/p>\n\n\n\n<p>Vamos de exemplo? Imagine que voc\u00ea \u00e9 um dermatologista. Um fornecedor de bioestimuladores vai lan\u00e7ar um produto e voc\u00ea se compromete a fazer uma live explicando os benef\u00edcios apenas para seus seguidores mais pr\u00f3ximos. <\/p>\n\n\n\n<p>Ao final da live, voc\u00ea ainda concede um cupom de desconto para quem fizer um pacote X. Mas lembre-se: s\u00f3 este grupo pode ter esse desconto. \u00c9 exclusivo para eles. <\/p>\n\n\n\n<p>Assim, o boca a boca vai se espalhando, as pessoas v\u00e3o compartilhar quando fizerem o procedimento e todo mundo vai querer ser seu seguidor e acompanhar seu conte\u00fado. <\/p>\n\n\n\n<p>Mas e quanto a uma loja de roupas, por exemplo? \u00c9 poss\u00edvel prestigiar a audi\u00eancia da comunidade virtual de formas especiais? Sim! <\/p>\n\n\n\n<p>N\u00f3s sabemos que o setor de moda \u00e9 sazonal. Ent\u00e3o, se voc\u00ea vai lan\u00e7ar a cole\u00e7\u00e3o outono\/inverno, chame s\u00f3 essa comunidade para um lan\u00e7amento, com umas bebidinhas gostosas, em um evento presencial e exclusivo. Ser\u00e1 um sucesso!<\/p>\n\n\n\n<h3 class=\"wp-block-heading\"><span class=\"ez-toc-section\" id=\"Nao_use_CTAs_de_motivos_para_o_engajamento\"><\/span>N\u00e3o use CTAs, d\u00ea motivos para o engajamento <span class=\"ez-toc-section-end\"><\/span><\/h3>\n\n\n\n<p>O termo CTA, ou chamada para a\u00e7\u00e3o (do ingl\u00eas <em>Call<\/em> <em>To Action<\/em>) \u00e9 um dos termos mais usados do marketing. E sim, as CTAs t\u00eam sua import\u00e2ncia.<\/p>\n\n\n\n<p>Por\u00e9m, em busca de engajamento, muita gente abusa das CTAs e insere nos conte\u00fados de forma totalmente descontextualizada.  <\/p>\n\n\n\n<p>A pessoa fez um conte\u00fado qualquer e coloca ali no final: salve, curta, comente, compartilhe. Outros ainda fazem pior. Ao final do carrossel, pedem as quatro coisas.  <\/p>\n\n\n\n<p>Por\u00e9m, \u00e9 importante entender que as pessoas n\u00e3o v\u00e3o salvar, comentar, compartilhar ou curtir porque voc\u00ea pediu. Elas t\u00eam que ter um motivo pr\u00f3prio para isso. <\/p>\n\n\n\n<p>Vamos pensar no salvamento, por exemplo. Uma pessoa s\u00f3 salva um post quando ela sente que aquele conte\u00fado \u00e9 \u00fatil e ela vai querer ver de novo no futuro.<\/p>\n\n\n\n<p>Um exemplo \u00e9 o post da perfumaria, que n\u00f3s falamos, sobre os 5 passos do skincare. A pessoa pensa &#8220;vou salvar para ver antes de ir comprar os meus produtos para pele da pr\u00f3xima vez e n\u00e3o me esquecer de nada&#8221;. <\/p>\n\n\n\n<p>Portanto, voc\u00ea pode pedir para a pessoa salvar no final. Inclusive, pode at\u00e9 dar este motivo para ela &#8220;salve para n\u00e3o se esquecer de nenhum desses passos na hora de comprar seus produtos de skincare&#8221;. Neste caso, \u00e9 pertinente.<\/p>\n\n\n\n<p>A mesma coisa acontece com o compartilhamento. A pessoa envia um post ou um artigo como esse quando ela conhece algu\u00e9m (ou v\u00e1rias pessoas) que t\u00eam um problema igual e podem se beneficiar com o conte\u00fado. <\/p>\n\n\n\n<p>Sobre os coment\u00e1rios, ent\u00e3o, seria poss\u00edvel escrever um artigo inteiro. Pedir para a pessoa comentar sem dar motivo n\u00e3o faz sentido algum. <\/p>\n\n\n\n<p>Portanto, n\u00e3o use CTAs de forma descontextualizada. D\u00ea motivos para que seu p\u00fablico interaja com voc\u00ea e isso fortalecer\u00e1 a sua comunidade de verdade. <\/p>\n\n\n\n<h3 class=\"wp-block-heading\"><span class=\"ez-toc-section\" id=\"Compartilhe_o_conteudo_gerado_pelo_usuario\"><\/span>Compartilhe o conte\u00fado gerado pelo usu\u00e1rio<span class=\"ez-toc-section-end\"><\/span><\/h3>\n\n\n\n<p>\u00c9 seu f\u00e3, comprou seu produto, fez o unboxing? Compartilhe! Est\u00e1 usando a pe\u00e7a de roupa da sua loja e marcou seu @ nos stories? Compartilhe! <\/p>\n\n\n\n<p>Quando voc\u00ea compartilha o conte\u00fado gerado pelo usu\u00e1rio, as pessoas se sentem mais valorizadas, aumentam seu senso de pertencimento e se engajam em sua comunidade. <\/p>\n\n\n\n<p>Agora voc\u00ea j\u00e1 conhece os primeiros passos para a forma\u00e7\u00e3o de comunidades virtuais engajadas.  <\/p>\n\n\n\n<p>Quer um post falando somente sobre conte\u00fado gamificado e que engaja? Conta pra gente nos coment\u00e1rios que n\u00f3s traremos para voc\u00eas!<\/p>\n\n\n\n<p><\/p>\n","protected":false},"excerpt":{"rendered":"<p>Sua rede social n\u00e3o d\u00e1 resultado porque voc\u00ea est\u00e1 usando errado! Sim, muitas empresas focam no aumento do n\u00famero de seguidores, enquanto deveriam se empenhar para a forma\u00e7\u00e3o de comunidades virtuais. Mas e voc\u00ea, tem ideia do que \u00e9 uma comunidade virtual, de sua import\u00e2ncia e de como construir uma em torno da sua marca? &hellip; <\/p>\n<p class=\"link-more\"><a href=\"https:\/\/conteudo.gerenteweb.com.br\/blog\/comunidades-virtuais-e-o-futuro-do-marketing\/\" class=\"more-link\">Continue lendo<span class=\"screen-reader-text\"> &#8220;Comunidades virtuais: qual \u00e9 a import\u00e2ncia delas para o futuro do marketing?&#8221;<\/span><\/a><\/p>\n","protected":false},"author":13,"featured_media":1926,"comment_status":"open","ping_status":"open","sticky":false,"template":"","format":"standard","meta":{"footnotes":""},"categories":[5],"tags":[280,17,30,281,37,282],"class_list":["post-1900","post","type-post","status-publish","format-standard","has-post-thumbnail","hentry","category-marketing-digital","tag-chat-gpt","tag-marketing","tag-marketing-digital","tag-publico","tag-redes-sociais","tag-usuario-2"],"yoast_head":"<!-- This site is optimized with the Yoast SEO plugin v27.3 - https:\/\/yoast.com\/product\/yoast-seo-wordpress\/ -->\n<title>Comunidades virtuais e o futuro do marketing - GerenteWeb<\/title>\n<meta name=\"description\" content=\"O Chat GPT e outras ferramentas de IA podem mudar os rumos do marketing. Formar comunidades virtuais \u00e9 o caminho para proteger seu neg\u00f3cio.\" \/>\n<meta name=\"robots\" content=\"index, follow, max-snippet:-1, max-image-preview:large, max-video-preview:-1\" \/>\n<link rel=\"canonical\" href=\"https:\/\/conteudo.gerenteweb.com.br\/blog\/comunidades-virtuais-e-o-futuro-do-marketing\/\" \/>\n<meta property=\"og:locale\" content=\"pt_BR\" \/>\n<meta property=\"og:type\" content=\"article\" \/>\n<meta property=\"og:title\" content=\"Comunidades virtuais e o futuro do marketing - GerenteWeb\" \/>\n<meta property=\"og:description\" content=\"O Chat GPT e outras ferramentas de IA podem mudar os rumos do marketing. Formar comunidades virtuais \u00e9 o caminho para proteger seu neg\u00f3cio.\" \/>\n<meta property=\"og:url\" content=\"https:\/\/conteudo.gerenteweb.com.br\/blog\/comunidades-virtuais-e-o-futuro-do-marketing\/\" \/>\n<meta property=\"og:site_name\" content=\"GerenteWeb\" \/>\n<meta property=\"article:publisher\" content=\"https:\/\/www.facebook.com\/Gerenteweb\/\" \/>\n<meta property=\"article:published_time\" content=\"2023-05-17T18:00:35+00:00\" \/>\n<meta property=\"og:image\" content=\"https:\/\/conteudo.gerenteweb.com.br\/blog\/wp-content\/uploads\/2023\/05\/comunidades-virtuais.png\" \/>\n\t<meta property=\"og:image:width\" content=\"1200\" \/>\n\t<meta property=\"og:image:height\" content=\"628\" \/>\n\t<meta property=\"og:image:type\" content=\"image\/png\" \/>\n<meta name=\"author\" content=\"Roberta Pacheco\" \/>\n<meta name=\"twitter:card\" content=\"summary_large_image\" \/>\n<meta name=\"twitter:creator\" content=\"@gerenteweb\" \/>\n<meta name=\"twitter:site\" content=\"@gerenteweb\" \/>\n<meta name=\"twitter:label1\" content=\"Written by\" \/>\n\t<meta name=\"twitter:data1\" content=\"Roberta Pacheco\" \/>\n\t<meta name=\"twitter:label2\" content=\"Est. reading time\" \/>\n\t<meta name=\"twitter:data2\" content=\"8 minutos\" \/>\n<script type=\"application\/ld+json\" class=\"yoast-schema-graph\">{\"@context\":\"https:\\\/\\\/schema.org\",\"@graph\":[{\"@type\":\"Article\",\"@id\":\"https:\\\/\\\/conteudo.gerenteweb.com.br\\\/blog\\\/comunidades-virtuais-e-o-futuro-do-marketing\\\/#article\",\"isPartOf\":{\"@id\":\"https:\\\/\\\/conteudo.gerenteweb.com.br\\\/blog\\\/comunidades-virtuais-e-o-futuro-do-marketing\\\/\"},\"author\":{\"name\":\"Roberta Pacheco\",\"@id\":\"https:\\\/\\\/conteudo.gerenteweb.com.br\\\/blog\\\/#\\\/schema\\\/person\\\/1abee79f643dbafb4c43fe843970ed83\"},\"headline\":\"Comunidades virtuais: qual \u00e9 a import\u00e2ncia delas para o futuro do marketing?\",\"datePublished\":\"2023-05-17T18:00:35+00:00\",\"mainEntityOfPage\":{\"@id\":\"https:\\\/\\\/conteudo.gerenteweb.com.br\\\/blog\\\/comunidades-virtuais-e-o-futuro-do-marketing\\\/\"},\"wordCount\":1852,\"commentCount\":0,\"publisher\":{\"@id\":\"https:\\\/\\\/conteudo.gerenteweb.com.br\\\/blog\\\/#organization\"},\"image\":{\"@id\":\"https:\\\/\\\/conteudo.gerenteweb.com.br\\\/blog\\\/comunidades-virtuais-e-o-futuro-do-marketing\\\/#primaryimage\"},\"thumbnailUrl\":\"https:\\\/\\\/conteudo.gerenteweb.com.br\\\/blog\\\/wp-content\\\/uploads\\\/2023\\\/05\\\/comunidades-virtuais.png\",\"keywords\":[\"chat gpt\",\"Marketing\",\"marketing digital\",\"p\u00fablico\",\"redes sociais\",\"usu\u00e1rio\"],\"articleSection\":[\"Marketing Digital\"],\"inLanguage\":\"pt-BR\",\"potentialAction\":[{\"@type\":\"CommentAction\",\"name\":\"Comment\",\"target\":[\"https:\\\/\\\/conteudo.gerenteweb.com.br\\\/blog\\\/comunidades-virtuais-e-o-futuro-do-marketing\\\/#respond\"]}]},{\"@type\":\"WebPage\",\"@id\":\"https:\\\/\\\/conteudo.gerenteweb.com.br\\\/blog\\\/comunidades-virtuais-e-o-futuro-do-marketing\\\/\",\"url\":\"https:\\\/\\\/conteudo.gerenteweb.com.br\\\/blog\\\/comunidades-virtuais-e-o-futuro-do-marketing\\\/\",\"name\":\"Comunidades virtuais e o futuro do marketing - GerenteWeb\",\"isPartOf\":{\"@id\":\"https:\\\/\\\/conteudo.gerenteweb.com.br\\\/blog\\\/#website\"},\"primaryImageOfPage\":{\"@id\":\"https:\\\/\\\/conteudo.gerenteweb.com.br\\\/blog\\\/comunidades-virtuais-e-o-futuro-do-marketing\\\/#primaryimage\"},\"image\":{\"@id\":\"https:\\\/\\\/conteudo.gerenteweb.com.br\\\/blog\\\/comunidades-virtuais-e-o-futuro-do-marketing\\\/#primaryimage\"},\"thumbnailUrl\":\"https:\\\/\\\/conteudo.gerenteweb.com.br\\\/blog\\\/wp-content\\\/uploads\\\/2023\\\/05\\\/comunidades-virtuais.png\",\"datePublished\":\"2023-05-17T18:00:35+00:00\",\"description\":\"O Chat GPT e outras ferramentas de IA podem mudar os rumos do marketing. Formar comunidades virtuais \u00e9 o caminho para proteger seu neg\u00f3cio.\",\"breadcrumb\":{\"@id\":\"https:\\\/\\\/conteudo.gerenteweb.com.br\\\/blog\\\/comunidades-virtuais-e-o-futuro-do-marketing\\\/#breadcrumb\"},\"inLanguage\":\"pt-BR\",\"potentialAction\":[{\"@type\":\"ReadAction\",\"target\":[\"https:\\\/\\\/conteudo.gerenteweb.com.br\\\/blog\\\/comunidades-virtuais-e-o-futuro-do-marketing\\\/\"]}]},{\"@type\":\"ImageObject\",\"inLanguage\":\"pt-BR\",\"@id\":\"https:\\\/\\\/conteudo.gerenteweb.com.br\\\/blog\\\/comunidades-virtuais-e-o-futuro-do-marketing\\\/#primaryimage\",\"url\":\"https:\\\/\\\/conteudo.gerenteweb.com.br\\\/blog\\\/wp-content\\\/uploads\\\/2023\\\/05\\\/comunidades-virtuais.png\",\"contentUrl\":\"https:\\\/\\\/conteudo.gerenteweb.com.br\\\/blog\\\/wp-content\\\/uploads\\\/2023\\\/05\\\/comunidades-virtuais.png\",\"width\":1200,\"height\":628,\"caption\":\"imagem de pessoas com o s\u00edmbolo do wi-fi em cima da cabe\u00e7a\"},{\"@type\":\"BreadcrumbList\",\"@id\":\"https:\\\/\\\/conteudo.gerenteweb.com.br\\\/blog\\\/comunidades-virtuais-e-o-futuro-do-marketing\\\/#breadcrumb\",\"itemListElement\":[{\"@type\":\"ListItem\",\"position\":1,\"name\":\"In\u00edcio\",\"item\":\"https:\\\/\\\/conteudo.gerenteweb.com.br\\\/blog\\\/\"},{\"@type\":\"ListItem\",\"position\":2,\"name\":\"Comunidades virtuais: qual \u00e9 a import\u00e2ncia delas para o futuro do marketing?\"}]},{\"@type\":\"WebSite\",\"@id\":\"https:\\\/\\\/conteudo.gerenteweb.com.br\\\/blog\\\/#website\",\"url\":\"https:\\\/\\\/conteudo.gerenteweb.com.br\\\/blog\\\/\",\"name\":\"GerenteWeb\",\"description\":\"Marketing Digital\",\"publisher\":{\"@id\":\"https:\\\/\\\/conteudo.gerenteweb.com.br\\\/blog\\\/#organization\"},\"potentialAction\":[{\"@type\":\"SearchAction\",\"target\":{\"@type\":\"EntryPoint\",\"urlTemplate\":\"https:\\\/\\\/conteudo.gerenteweb.com.br\\\/blog\\\/?s={search_term_string}\"},\"query-input\":{\"@type\":\"PropertyValueSpecification\",\"valueRequired\":true,\"valueName\":\"search_term_string\"}}],\"inLanguage\":\"pt-BR\"},{\"@type\":\"Organization\",\"@id\":\"https:\\\/\\\/conteudo.gerenteweb.com.br\\\/blog\\\/#organization\",\"name\":\"GerenteWeb\",\"url\":\"https:\\\/\\\/conteudo.gerenteweb.com.br\\\/blog\\\/\",\"logo\":{\"@type\":\"ImageObject\",\"inLanguage\":\"pt-BR\",\"@id\":\"https:\\\/\\\/conteudo.gerenteweb.com.br\\\/blog\\\/#\\\/schema\\\/logo\\\/image\\\/\",\"url\":\"https:\\\/\\\/conteudo.gerenteweb.com.br\\\/blog\\\/wp-content\\\/uploads\\\/2015\\\/12\\\/logo-gerenteweb.png\",\"contentUrl\":\"https:\\\/\\\/conteudo.gerenteweb.com.br\\\/blog\\\/wp-content\\\/uploads\\\/2015\\\/12\\\/logo-gerenteweb.png\",\"width\":229,\"height\":54,\"caption\":\"GerenteWeb\"},\"image\":{\"@id\":\"https:\\\/\\\/conteudo.gerenteweb.com.br\\\/blog\\\/#\\\/schema\\\/logo\\\/image\\\/\"},\"sameAs\":[\"https:\\\/\\\/www.facebook.com\\\/Gerenteweb\\\/\",\"https:\\\/\\\/x.com\\\/gerenteweb\",\"https:\\\/\\\/www.linkedin.com\\\/company\\\/gerenteweb\"]},{\"@type\":\"Person\",\"@id\":\"https:\\\/\\\/conteudo.gerenteweb.com.br\\\/blog\\\/#\\\/schema\\\/person\\\/1abee79f643dbafb4c43fe843970ed83\",\"name\":\"Roberta Pacheco\",\"image\":{\"@type\":\"ImageObject\",\"inLanguage\":\"pt-BR\",\"@id\":\"https:\\\/\\\/secure.gravatar.com\\\/avatar\\\/eaa834a4c31dd7211c86aa58c6bd0e0494a9e990c072127ae031e7ac9be33e83?s=96&d=mm&r=g\",\"url\":\"https:\\\/\\\/secure.gravatar.com\\\/avatar\\\/eaa834a4c31dd7211c86aa58c6bd0e0494a9e990c072127ae031e7ac9be33e83?s=96&d=mm&r=g\",\"contentUrl\":\"https:\\\/\\\/secure.gravatar.com\\\/avatar\\\/eaa834a4c31dd7211c86aa58c6bd0e0494a9e990c072127ae031e7ac9be33e83?s=96&d=mm&r=g\",\"caption\":\"Roberta Pacheco\"},\"url\":\"https:\\\/\\\/conteudo.gerenteweb.com.br\\\/blog\\\/author\\\/roberta\\\/\"}]}<\/script>\n<!-- \/ Yoast SEO plugin. -->","yoast_head_json":{"title":"Comunidades virtuais e o futuro do marketing - GerenteWeb","description":"O Chat GPT e outras ferramentas de IA podem mudar os rumos do marketing. Formar comunidades virtuais \u00e9 o caminho para proteger seu neg\u00f3cio.","robots":{"index":"index","follow":"follow","max-snippet":"max-snippet:-1","max-image-preview":"max-image-preview:large","max-video-preview":"max-video-preview:-1"},"canonical":"https:\/\/conteudo.gerenteweb.com.br\/blog\/comunidades-virtuais-e-o-futuro-do-marketing\/","og_locale":"pt_BR","og_type":"article","og_title":"Comunidades virtuais e o futuro do marketing - GerenteWeb","og_description":"O Chat GPT e outras ferramentas de IA podem mudar os rumos do marketing. Formar comunidades virtuais \u00e9 o caminho para proteger seu neg\u00f3cio.","og_url":"https:\/\/conteudo.gerenteweb.com.br\/blog\/comunidades-virtuais-e-o-futuro-do-marketing\/","og_site_name":"GerenteWeb","article_publisher":"https:\/\/www.facebook.com\/Gerenteweb\/","article_published_time":"2023-05-17T18:00:35+00:00","og_image":[{"width":1200,"height":628,"url":"https:\/\/conteudo.gerenteweb.com.br\/blog\/wp-content\/uploads\/2023\/05\/comunidades-virtuais.png","type":"image\/png"}],"author":"Roberta Pacheco","twitter_card":"summary_large_image","twitter_creator":"@gerenteweb","twitter_site":"@gerenteweb","twitter_misc":{"Written by":"Roberta Pacheco","Est. reading time":"8 minutos"},"schema":{"@context":"https:\/\/schema.org","@graph":[{"@type":"Article","@id":"https:\/\/conteudo.gerenteweb.com.br\/blog\/comunidades-virtuais-e-o-futuro-do-marketing\/#article","isPartOf":{"@id":"https:\/\/conteudo.gerenteweb.com.br\/blog\/comunidades-virtuais-e-o-futuro-do-marketing\/"},"author":{"name":"Roberta Pacheco","@id":"https:\/\/conteudo.gerenteweb.com.br\/blog\/#\/schema\/person\/1abee79f643dbafb4c43fe843970ed83"},"headline":"Comunidades virtuais: qual \u00e9 a import\u00e2ncia delas para o futuro do marketing?","datePublished":"2023-05-17T18:00:35+00:00","mainEntityOfPage":{"@id":"https:\/\/conteudo.gerenteweb.com.br\/blog\/comunidades-virtuais-e-o-futuro-do-marketing\/"},"wordCount":1852,"commentCount":0,"publisher":{"@id":"https:\/\/conteudo.gerenteweb.com.br\/blog\/#organization"},"image":{"@id":"https:\/\/conteudo.gerenteweb.com.br\/blog\/comunidades-virtuais-e-o-futuro-do-marketing\/#primaryimage"},"thumbnailUrl":"https:\/\/conteudo.gerenteweb.com.br\/blog\/wp-content\/uploads\/2023\/05\/comunidades-virtuais.png","keywords":["chat gpt","Marketing","marketing digital","p\u00fablico","redes sociais","usu\u00e1rio"],"articleSection":["Marketing Digital"],"inLanguage":"pt-BR","potentialAction":[{"@type":"CommentAction","name":"Comment","target":["https:\/\/conteudo.gerenteweb.com.br\/blog\/comunidades-virtuais-e-o-futuro-do-marketing\/#respond"]}]},{"@type":"WebPage","@id":"https:\/\/conteudo.gerenteweb.com.br\/blog\/comunidades-virtuais-e-o-futuro-do-marketing\/","url":"https:\/\/conteudo.gerenteweb.com.br\/blog\/comunidades-virtuais-e-o-futuro-do-marketing\/","name":"Comunidades virtuais e o futuro do marketing - GerenteWeb","isPartOf":{"@id":"https:\/\/conteudo.gerenteweb.com.br\/blog\/#website"},"primaryImageOfPage":{"@id":"https:\/\/conteudo.gerenteweb.com.br\/blog\/comunidades-virtuais-e-o-futuro-do-marketing\/#primaryimage"},"image":{"@id":"https:\/\/conteudo.gerenteweb.com.br\/blog\/comunidades-virtuais-e-o-futuro-do-marketing\/#primaryimage"},"thumbnailUrl":"https:\/\/conteudo.gerenteweb.com.br\/blog\/wp-content\/uploads\/2023\/05\/comunidades-virtuais.png","datePublished":"2023-05-17T18:00:35+00:00","description":"O Chat GPT e outras ferramentas de IA podem mudar os rumos do marketing. Formar comunidades virtuais \u00e9 o caminho para proteger seu neg\u00f3cio.","breadcrumb":{"@id":"https:\/\/conteudo.gerenteweb.com.br\/blog\/comunidades-virtuais-e-o-futuro-do-marketing\/#breadcrumb"},"inLanguage":"pt-BR","potentialAction":[{"@type":"ReadAction","target":["https:\/\/conteudo.gerenteweb.com.br\/blog\/comunidades-virtuais-e-o-futuro-do-marketing\/"]}]},{"@type":"ImageObject","inLanguage":"pt-BR","@id":"https:\/\/conteudo.gerenteweb.com.br\/blog\/comunidades-virtuais-e-o-futuro-do-marketing\/#primaryimage","url":"https:\/\/conteudo.gerenteweb.com.br\/blog\/wp-content\/uploads\/2023\/05\/comunidades-virtuais.png","contentUrl":"https:\/\/conteudo.gerenteweb.com.br\/blog\/wp-content\/uploads\/2023\/05\/comunidades-virtuais.png","width":1200,"height":628,"caption":"imagem de pessoas com o s\u00edmbolo do wi-fi em cima da cabe\u00e7a"},{"@type":"BreadcrumbList","@id":"https:\/\/conteudo.gerenteweb.com.br\/blog\/comunidades-virtuais-e-o-futuro-do-marketing\/#breadcrumb","itemListElement":[{"@type":"ListItem","position":1,"name":"In\u00edcio","item":"https:\/\/conteudo.gerenteweb.com.br\/blog\/"},{"@type":"ListItem","position":2,"name":"Comunidades virtuais: qual \u00e9 a import\u00e2ncia delas para o futuro do marketing?"}]},{"@type":"WebSite","@id":"https:\/\/conteudo.gerenteweb.com.br\/blog\/#website","url":"https:\/\/conteudo.gerenteweb.com.br\/blog\/","name":"GerenteWeb","description":"Marketing Digital","publisher":{"@id":"https:\/\/conteudo.gerenteweb.com.br\/blog\/#organization"},"potentialAction":[{"@type":"SearchAction","target":{"@type":"EntryPoint","urlTemplate":"https:\/\/conteudo.gerenteweb.com.br\/blog\/?s={search_term_string}"},"query-input":{"@type":"PropertyValueSpecification","valueRequired":true,"valueName":"search_term_string"}}],"inLanguage":"pt-BR"},{"@type":"Organization","@id":"https:\/\/conteudo.gerenteweb.com.br\/blog\/#organization","name":"GerenteWeb","url":"https:\/\/conteudo.gerenteweb.com.br\/blog\/","logo":{"@type":"ImageObject","inLanguage":"pt-BR","@id":"https:\/\/conteudo.gerenteweb.com.br\/blog\/#\/schema\/logo\/image\/","url":"https:\/\/conteudo.gerenteweb.com.br\/blog\/wp-content\/uploads\/2015\/12\/logo-gerenteweb.png","contentUrl":"https:\/\/conteudo.gerenteweb.com.br\/blog\/wp-content\/uploads\/2015\/12\/logo-gerenteweb.png","width":229,"height":54,"caption":"GerenteWeb"},"image":{"@id":"https:\/\/conteudo.gerenteweb.com.br\/blog\/#\/schema\/logo\/image\/"},"sameAs":["https:\/\/www.facebook.com\/Gerenteweb\/","https:\/\/x.com\/gerenteweb","https:\/\/www.linkedin.com\/company\/gerenteweb"]},{"@type":"Person","@id":"https:\/\/conteudo.gerenteweb.com.br\/blog\/#\/schema\/person\/1abee79f643dbafb4c43fe843970ed83","name":"Roberta Pacheco","image":{"@type":"ImageObject","inLanguage":"pt-BR","@id":"https:\/\/secure.gravatar.com\/avatar\/eaa834a4c31dd7211c86aa58c6bd0e0494a9e990c072127ae031e7ac9be33e83?s=96&d=mm&r=g","url":"https:\/\/secure.gravatar.com\/avatar\/eaa834a4c31dd7211c86aa58c6bd0e0494a9e990c072127ae031e7ac9be33e83?s=96&d=mm&r=g","contentUrl":"https:\/\/secure.gravatar.com\/avatar\/eaa834a4c31dd7211c86aa58c6bd0e0494a9e990c072127ae031e7ac9be33e83?s=96&d=mm&r=g","caption":"Roberta Pacheco"},"url":"https:\/\/conteudo.gerenteweb.com.br\/blog\/author\/roberta\/"}]}},"_links":{"self":[{"href":"https:\/\/conteudo.gerenteweb.com.br\/blog\/wp-json\/wp\/v2\/posts\/1900","targetHints":{"allow":["GET"]}}],"collection":[{"href":"https:\/\/conteudo.gerenteweb.com.br\/blog\/wp-json\/wp\/v2\/posts"}],"about":[{"href":"https:\/\/conteudo.gerenteweb.com.br\/blog\/wp-json\/wp\/v2\/types\/post"}],"author":[{"embeddable":true,"href":"https:\/\/conteudo.gerenteweb.com.br\/blog\/wp-json\/wp\/v2\/users\/13"}],"replies":[{"embeddable":true,"href":"https:\/\/conteudo.gerenteweb.com.br\/blog\/wp-json\/wp\/v2\/comments?post=1900"}],"version-history":[{"count":6,"href":"https:\/\/conteudo.gerenteweb.com.br\/blog\/wp-json\/wp\/v2\/posts\/1900\/revisions"}],"predecessor-version":[{"id":1921,"href":"https:\/\/conteudo.gerenteweb.com.br\/blog\/wp-json\/wp\/v2\/posts\/1900\/revisions\/1921"}],"wp:featuredmedia":[{"embeddable":true,"href":"https:\/\/conteudo.gerenteweb.com.br\/blog\/wp-json\/wp\/v2\/media\/1926"}],"wp:attachment":[{"href":"https:\/\/conteudo.gerenteweb.com.br\/blog\/wp-json\/wp\/v2\/media?parent=1900"}],"wp:term":[{"taxonomy":"category","embeddable":true,"href":"https:\/\/conteudo.gerenteweb.com.br\/blog\/wp-json\/wp\/v2\/categories?post=1900"},{"taxonomy":"post_tag","embeddable":true,"href":"https:\/\/conteudo.gerenteweb.com.br\/blog\/wp-json\/wp\/v2\/tags?post=1900"}],"curies":[{"name":"wp","href":"https:\/\/api.w.org\/{rel}","templated":true}]}}