{"id":2423,"date":"2026-03-18T15:00:00","date_gmt":"2026-03-18T18:00:00","guid":{"rendered":"https:\/\/conteudo.gerenteweb.com.br\/blog\/?p=2423"},"modified":"2026-02-26T14:46:43","modified_gmt":"2026-02-26T17:46:43","slug":"autoridade-digital","status":"publish","type":"post","link":"https:\/\/conteudo.gerenteweb.com.br\/blog\/autoridade-digital\/","title":{"rendered":"Autoridade digital: por que sua empresa ainda n\u00e3o \u00e9 refer\u00eancia no mercado"},"content":{"rendered":"\n<p>Atualmente, muitas empresas acreditam que est\u00e3o construindo autoridade digital porque produzem conte\u00fado com frequ\u00eancia, mant\u00eam presen\u00e7a nas redes sociais e investem em campanhas pagas. No entanto, quando um decisor precisa contratar um servi\u00e7o estrat\u00e9gico, essas marcas raramente aparecem como primeira op\u00e7\u00e3o.<\/p>\n\n\n\n<p>Esse cen\u00e1rio revela um equ\u00edvoco comum: presen\u00e7a digital n\u00e3o \u00e9 sin\u00f4nimo de autoridade digital.<\/p>\n\n\n\n<p>Em ess\u00eancia, autoridade digital \u00e9 percep\u00e7\u00e3o consolidada de dom\u00ednio. \u00c9 quando o mercado reconhece que determinada empresa entende profundamente um problema espec\u00edfico e \u00e9 capaz de resolv\u00ea-lo com consist\u00eancia. N\u00e3o se trata apenas de visibilidade. Trata-se de confian\u00e7a estruturada.<\/p>\n\n\n\n<p>Al\u00e9m disso, empresas que compreendem essa diferen\u00e7a deixam de competir por aten\u00e7\u00e3o superficial e passam a competir por influ\u00eancia real nas decis\u00f5es de compra. E influ\u00eancia \u00e9 um ativo estrat\u00e9gico.<\/p>\n\n\n\n<p>Neste artigo, portanto, vamos analisar por que tantas empresas produzem conte\u00fado, mas n\u00e3o constroem autoridade; como posicionamento e profundidade impactam essa percep\u00e7\u00e3o; e de que maneira o marketing de performance pode acelerar a consolida\u00e7\u00e3o de refer\u00eancia no mercado.<\/p>\n\n\n\n<div id=\"ez-toc-container\" class=\"ez-toc-v2_0_82_2 counter-hierarchy ez-toc-counter ez-toc-grey ez-toc-container-direction\">\n<p class=\"ez-toc-title\" style=\"cursor:inherit\">Table of Contents<\/p>\n<label for=\"ez-toc-cssicon-toggle-item-69f70cd51837a\" class=\"ez-toc-cssicon-toggle-label\"><span class=\"\"><span class=\"eztoc-hide\" style=\"display:none;\">Toggle<\/span><span class=\"ez-toc-icon-toggle-span\"><svg style=\"fill: #999;color:#999\" xmlns=\"http:\/\/www.w3.org\/2000\/svg\" class=\"list-377408\" width=\"20px\" height=\"20px\" viewBox=\"0 0 24 24\" fill=\"none\"><path d=\"M6 6H4v2h2V6zm14 0H8v2h12V6zM4 11h2v2H4v-2zm16 0H8v2h12v-2zM4 16h2v2H4v-2zm16 0H8v2h12v-2z\" fill=\"currentColor\"><\/path><\/svg><svg style=\"fill: #999;color:#999\" class=\"arrow-unsorted-368013\" xmlns=\"http:\/\/www.w3.org\/2000\/svg\" width=\"10px\" height=\"10px\" viewBox=\"0 0 24 24\" version=\"1.2\" baseProfile=\"tiny\"><path d=\"M18.2 9.3l-6.2-6.3-6.2 6.3c-.2.2-.3.4-.3.7s.1.5.3.7c.2.2.4.3.7.3h11c.3 0 .5-.1.7-.3.2-.2.3-.5.3-.7s-.1-.5-.3-.7zM5.8 14.7l6.2 6.3 6.2-6.3c.2-.2.3-.5.3-.7s-.1-.5-.3-.7c-.2-.2-.4-.3-.7-.3h-11c-.3 0-.5.1-.7.3-.2.2-.3.5-.3.7s.1.5.3.7z\"\/><\/svg><\/span><\/span><\/label><input type=\"checkbox\"  id=\"ez-toc-cssicon-toggle-item-69f70cd51837a\"  aria-label=\"Toggle\" \/><nav><ul class='ez-toc-list ez-toc-list-level-1 ' ><li class='ez-toc-page-1 ez-toc-heading-level-2'><a class=\"ez-toc-link ez-toc-heading-1\" href=\"https:\/\/conteudo.gerenteweb.com.br\/blog\/autoridade-digital\/#O_que_realmente_significa_autoridade_digital\" >O que realmente significa autoridade digital<\/a><\/li><li class='ez-toc-page-1 ez-toc-heading-level-2'><a class=\"ez-toc-link ez-toc-heading-2\" href=\"https:\/\/conteudo.gerenteweb.com.br\/blog\/autoridade-digital\/#O_erro_de_confundir_visibilidade_com_autoridade\" >O erro de confundir visibilidade com autoridade<\/a><\/li><li class='ez-toc-page-1 ez-toc-heading-level-2'><a class=\"ez-toc-link ez-toc-heading-3\" href=\"https:\/\/conteudo.gerenteweb.com.br\/blog\/autoridade-digital\/#Posicionamento_a_base_invisivel_da_autoridade_digital\" >Posicionamento: a base invis\u00edvel da autoridade digital<\/a><\/li><li class='ez-toc-page-1 ez-toc-heading-level-2'><a class=\"ez-toc-link ez-toc-heading-4\" href=\"https:\/\/conteudo.gerenteweb.com.br\/blog\/autoridade-digital\/#Profundidade_como_diferencial_competitivo\" >Profundidade como diferencial competitivo<\/a><\/li><li class='ez-toc-page-1 ez-toc-heading-level-2'><a class=\"ez-toc-link ez-toc-heading-5\" href=\"https:\/\/conteudo.gerenteweb.com.br\/blog\/autoridade-digital\/#Autoridade_digital_e_percepcao_de_valor\" >Autoridade digital e percep\u00e7\u00e3o de valor<\/a><\/li><li class='ez-toc-page-1 ez-toc-heading-level-2'><a class=\"ez-toc-link ez-toc-heading-6\" href=\"https:\/\/conteudo.gerenteweb.com.br\/blog\/autoridade-digital\/#A_influencia_da_autoridade_no_ciclo_de_vendas\" >A influ\u00eancia da autoridade no ciclo de vendas<\/a><\/li><li class='ez-toc-page-1 ez-toc-heading-level-2'><a class=\"ez-toc-link ez-toc-heading-7\" href=\"https:\/\/conteudo.gerenteweb.com.br\/blog\/autoridade-digital\/#Erros_estrategicos_que_impedem_a_consolidacao_de_referencia\" >Erros estrat\u00e9gicos que impedem a consolida\u00e7\u00e3o de refer\u00eancia<\/a><ul class='ez-toc-list-level-3' ><li class='ez-toc-heading-level-3'><a class=\"ez-toc-link ez-toc-heading-8\" href=\"https:\/\/conteudo.gerenteweb.com.br\/blog\/autoridade-digital\/#Falta_de_linha_editorial_clara\" >Falta de linha editorial clara<\/a><\/li><li class='ez-toc-page-1 ez-toc-heading-level-3'><a class=\"ez-toc-link ez-toc-heading-9\" href=\"https:\/\/conteudo.gerenteweb.com.br\/blog\/autoridade-digital\/#Conteudo_reativo_a_tendencias\" >Conte\u00fado reativo a tend\u00eancias<\/a><\/li><li class='ez-toc-page-1 ez-toc-heading-level-3'><a class=\"ez-toc-link ez-toc-heading-10\" href=\"https:\/\/conteudo.gerenteweb.com.br\/blog\/autoridade-digital\/#Desconexao_entre_conteudo_e_vendas\" >Desconex\u00e3o entre conte\u00fado e vendas<\/a><\/li><\/ul><\/li><li class='ez-toc-page-1 ez-toc-heading-level-2'><a class=\"ez-toc-link ez-toc-heading-11\" href=\"https:\/\/conteudo.gerenteweb.com.br\/blog\/autoridade-digital\/#Como_estruturar_uma_estrategia_consistente_de_autoridade_digital\" >Como estruturar uma estrat\u00e9gia consistente de autoridade digital<\/a><ul class='ez-toc-list-level-3' ><li class='ez-toc-heading-level-3'><a class=\"ez-toc-link ez-toc-heading-12\" href=\"https:\/\/conteudo.gerenteweb.com.br\/blog\/autoridade-digital\/#1_Definir_territorio_estrategico\" >1. Definir territ\u00f3rio estrat\u00e9gico<\/a><\/li><li class='ez-toc-page-1 ez-toc-heading-level-3'><a class=\"ez-toc-link ez-toc-heading-13\" href=\"https:\/\/conteudo.gerenteweb.com.br\/blog\/autoridade-digital\/#2_Criar_um_cluster_de_conteudo_aprofundado\" >2. Criar um cluster de conte\u00fado aprofundado<\/a><\/li><li class='ez-toc-page-1 ez-toc-heading-level-3'><a class=\"ez-toc-link ez-toc-heading-14\" href=\"https:\/\/conteudo.gerenteweb.com.br\/blog\/autoridade-digital\/#3_Integrar_marketing_e_comercial\" >3. Integrar marketing e comercial<\/a><\/li><li class='ez-toc-page-1 ez-toc-heading-level-3'><a class=\"ez-toc-link ez-toc-heading-15\" href=\"https:\/\/conteudo.gerenteweb.com.br\/blog\/autoridade-digital\/#4_Monitorar_impacto_real\" >4. Monitorar impacto real<\/a><\/li><\/ul><\/li><li class='ez-toc-page-1 ez-toc-heading-level-2'><a class=\"ez-toc-link ez-toc-heading-16\" href=\"https:\/\/conteudo.gerenteweb.com.br\/blog\/autoridade-digital\/#Autoridade_como_ativo_de_longo_prazo\" >Autoridade como ativo de longo prazo<\/a><\/li><\/ul><\/nav><\/div>\n<h2 class=\"wp-block-heading\"><span class=\"ez-toc-section\" id=\"O_que_realmente_significa_autoridade_digital\"><\/span><strong>O que realmente significa autoridade digital<\/strong><span class=\"ez-toc-section-end\"><\/span><\/h2>\n\n\n\n<p>Antes de tudo, autoridade digital n\u00e3o \u00e9 fama. Tamb\u00e9m n\u00e3o \u00e9 viraliza\u00e7\u00e3o. E definitivamente n\u00e3o \u00e9 apenas n\u00famero de seguidores.<\/p>\n\n\n\n<p>Em outras palavras, autoridade digital \u00e9 a associa\u00e7\u00e3o recorrente entre sua marca e um tema espec\u00edfico na mente do mercado.<\/p>\n\n\n\n<p>Quando algu\u00e9m pergunta: \u201cQuem entende disso?\u201d<br>E o nome da sua empresa surge naturalmente &#8211; isso \u00e9 autoridade.<\/p>\n\n\n\n<p>De forma pr\u00e1tica, essa associa\u00e7\u00e3o acontece quando tr\u00eas fatores se alinham: <\/p>\n\n\n\n<ol class=\"wp-block-list\">\n<li>Clareza de posicionamento<\/li>\n\n\n\n<li>Consist\u00eancia de discurso<\/li>\n\n\n\n<li>Profundidade de conte\u00fado<\/li>\n<\/ol>\n\n\n\n<p>Sem esses tr\u00eas pilares, portanto, a comunica\u00e7\u00e3o pode at\u00e9 gerar alcance, mas dificilmente constr\u00f3i refer\u00eancia.<\/p>\n\n\n\n<p>Al\u00e9m disso, a autoridade \u00e9 cumulativa. Ela n\u00e3o se estabelece em um m\u00eas ou em uma campanha pontual. \u00c9 constru\u00edda ao longo do tempo, por meio de refor\u00e7o estrat\u00e9gico cont\u00ednuo.<\/p>\n\n\n\n<h2 class=\"wp-block-heading\"><span class=\"ez-toc-section\" id=\"O_erro_de_confundir_visibilidade_com_autoridade\"><\/span><strong>O erro de confundir visibilidade com autoridade<\/strong><span class=\"ez-toc-section-end\"><\/span><\/h2>\n\n\n\n<p>Muitas empresas medem sucesso digital por m\u00e9tricas como:<\/p>\n\n\n\n<ul class=\"wp-block-list\">\n<li>Alcance<\/li>\n\n\n\n<li>Impress\u00f5es<\/li>\n\n\n\n<li>Curtidas<\/li>\n\n\n\n<li>Seguidores<br><br>Embora esses indicadores tenham relev\u00e2ncia operacional, eles n\u00e3o necessariamente refletem autoridade.<\/li>\n<\/ul>\n\n\n\n<p>Uma empresa pode alcan\u00e7ar milhares de pessoas e ainda assim n\u00e3o ser reconhecida como especialista. Isso acontece porque, na pr\u00e1tica, a visibilidade n\u00e3o garante profundidade.<\/p>\n\n\n\n<p>Por esse motivo, autoridade exige repeti\u00e7\u00e3o estrat\u00e9gica de um territ\u00f3rio espec\u00edfico. Quando a comunica\u00e7\u00e3o \u00e9 dispersa, o p\u00fablico n\u00e3o cria associa\u00e7\u00e3o clara.<\/p>\n\n\n\n<p>Portanto, o problema n\u00e3o \u00e9 a aus\u00eancia de marketing. \u00c9 a aus\u00eancia de foco.<\/p>\n\n\n\n<h2 class=\"wp-block-heading\"><span class=\"ez-toc-section\" id=\"Posicionamento_a_base_invisivel_da_autoridade_digital\"><\/span><strong>Posicionamento: a base invis\u00edvel da autoridade digital<\/strong><span class=\"ez-toc-section-end\"><\/span><\/h2>\n\n\n\n<p>Autoridade \u00e9 consequ\u00eancia direta de posicionamento.<\/p>\n\n\n\n<p>Se sua empresa n\u00e3o consegue responder com clareza:<\/p>\n\n\n\n<ul class=\"wp-block-list\">\n<li>Qual problema central resolve<\/li>\n\n\n\n<li>Para qual p\u00fablico resolve<\/li>\n\n\n\n<li>Com qual abordagem resolve<\/li>\n\n\n\n<li>Por que sua solu\u00e7\u00e3o \u00e9 diferente<\/li>\n<\/ul>\n\n\n\n<p>Ela dificilmente ser\u00e1 percebida como refer\u00eancia.<\/p>\n\n\n\n<p>Em ess\u00eancia, posicionamento \u00e9 decis\u00e3o estrat\u00e9gica. Ele exige delimita\u00e7\u00e3o de territ\u00f3rio.<\/p>\n\n\n\n<p>Consequentemente, empresas que tentam atender todos os p\u00fablicos acabam diluindo sua pr\u00f3pria identidade.<\/p>\n\n\n\n<p>Em contrapartida, aquelas que escolhem um n\u00facleo tem\u00e1tico e o aprofundam sistematicamente constroem reconhecimento mais r\u00e1pido.<\/p>\n\n\n\n<p>Dessa forma, autoridade nasce da repeti\u00e7\u00e3o consistente de um posicionamento claro.<\/p>\n\n\n\n<h2 class=\"wp-block-heading\"><span class=\"ez-toc-section\" id=\"Profundidade_como_diferencial_competitivo\"><\/span><strong>Profundidade como diferencial competitivo<\/strong><span class=\"ez-toc-section-end\"><\/span><\/h2>\n\n\n\n<p>Atualmente, grande parte do conte\u00fado digital \u00e9 superficial. Isso cria uma oportunidade estrat\u00e9gica.<\/p>\n\n\n\n<p>Por isso, empresas que decidem aprofundar seus temas principais destacam-se naturalmente.<\/p>\n\n\n\n<p>Conte\u00fado aprofundado:<\/p>\n\n\n\n<ul class=\"wp-block-list\">\n<li>Demonstra dom\u00ednio t\u00e9cnico<\/li>\n\n\n\n<li>Antecipam obje\u00e7\u00f5es<\/li>\n\n\n\n<li>Educam o mercado<\/li>\n\n\n\n<li>Reduzem inseguran\u00e7a<\/li>\n\n\n\n<li>Aumentam percep\u00e7\u00e3o de valor<\/li>\n<\/ul>\n\n\n\n<p>Al\u00e9m disso, artigos extensos e bem estruturados permanecem relevantes por mais tempo, fortalecendo a presen\u00e7a org\u00e2nica e consolidando autoridade.<\/p>\n\n\n\n<p>Consequentemente, profundidade gera confian\u00e7a. Dessa forma, confian\u00e7a reduz resist\u00eancia.<\/p>\n\n\n\n<h2 class=\"wp-block-heading\"><span class=\"ez-toc-section\" id=\"Autoridade_digital_e_percepcao_de_valor\"><\/span><strong>Autoridade digital e percep\u00e7\u00e3o de valor<\/strong><span class=\"ez-toc-section-end\"><\/span><\/h2>\n\n\n\n<p>Nesse contexto, existe uma rela\u00e7\u00e3o direta entre autoridade e precifica\u00e7\u00e3o.<\/p>\n\n\n\n<p>Empresas sem autoridade precisam justificar constantemente seu valor.<br>Empresas com autoridade s\u00e3o procuradas pelo valor que representam.<\/p>\n\n\n\n<p>Quando isso acontece, o pre\u00e7o deixa de ser o \u00fanico crit\u00e9rio comparativo. A decis\u00e3o passa a considerar expertise, metodologia e seguran\u00e7a.<\/p>\n\n\n\n<p>Consequentemente, as negocia\u00e7\u00f5es tornam-se mais estrat\u00e9gicas e menos defensivas.<\/p>\n\n\n\n<h2 class=\"wp-block-heading\"><span class=\"ez-toc-section\" id=\"A_influencia_da_autoridade_no_ciclo_de_vendas\"><\/span><strong>A influ\u00eancia da autoridade no ciclo de vendas<\/strong><span class=\"ez-toc-section-end\"><\/span><\/h2>\n\n\n\n<p>Autoridade digital impacta diretamente o tempo de decis\u00e3o.<\/p>\n\n\n\n<p>Quando o cliente j\u00e1 reconhece a empresa como refer\u00eancia:<\/p>\n\n\n\n<ul class=\"wp-block-list\">\n<li>A etapa de convencimento inicial \u00e9 menor<\/li>\n\n\n\n<li>A necessidade de compara\u00e7\u00e3o diminui<\/li>\n\n\n\n<li>O risco percebido reduz<\/li>\n\n\n\n<li>A confian\u00e7a \u00e9 estabelecida mais rapidamente<\/li>\n<\/ul>\n\n\n\n<p>Isso n\u00e3o significa que o ciclo de vendas desaparece. No entanto, ele se torna mais eficiente.<\/p>\n\n\n\n<p>Empresas com autoridade n\u00e3o precisam \u201cprovar que sabem\u201d. Elas precisam apenas mostrar como aplicam seu conhecimento.<\/p>\n\n\n\n<p><strong>Marketing de performance como acelerador de autoridade<\/strong><\/p>\n\n\n\n<p>Embora a autoridade pare\u00e7a intang\u00edvel, ela pode ser fortalecida por dados.<\/p>\n\n\n\n<p>Marketing de performance permite analisar:<\/p>\n\n\n\n<ul class=\"wp-block-list\">\n<li>Quais conte\u00fados geram maior tempo de perman\u00eancia<\/li>\n\n\n\n<li>Quais p\u00e1ginas participam de jornadas de convers\u00e3o<\/li>\n\n\n\n<li>Quais temas influenciam oportunidades<\/li>\n\n\n\n<li>Qual impacto da produ\u00e7\u00e3o de conte\u00fado na gera\u00e7\u00e3o de leads qualificados<\/li>\n<\/ul>\n\n\n\n<p>Com esses dados, portanto, a empresa deixa de produzir conte\u00fado por intui\u00e7\u00e3o e passa a investir estrategicamente nos temas que refor\u00e7am posicionamento.<\/p>\n\n\n\n<p>Al\u00e9m disso, campanhas pagas podem amplificar conte\u00fados estruturais, acelerando a consolida\u00e7\u00e3o de autoridade.<\/p>\n\n\n\n<p>Autoridade n\u00e3o substitui performance. Performance potencializa autoridade.<\/p>\n\n\n\n<h2 class=\"wp-block-heading\"><span class=\"ez-toc-section\" id=\"Erros_estrategicos_que_impedem_a_consolidacao_de_referencia\"><\/span><strong>Erros estrat\u00e9gicos que impedem a consolida\u00e7\u00e3o de refer\u00eancia<\/strong><span class=\"ez-toc-section-end\"><\/span><\/h2>\n\n\n\n<h3 class=\"wp-block-heading\"><span class=\"ez-toc-section\" id=\"Falta_de_linha_editorial_clara\"><\/span><strong>Falta de linha editorial clara<\/strong><span class=\"ez-toc-section-end\"><\/span><\/h3>\n\n\n\n<p>Quando cada m\u00eas a empresa aborda temas desconectados, o p\u00fablico n\u00e3o cria associa\u00e7\u00e3o consistente.<\/p>\n\n\n\n<h3 class=\"wp-block-heading\"><span class=\"ez-toc-section\" id=\"Conteudo_reativo_a_tendencias\"><\/span><strong>Conte\u00fado reativo a tend\u00eancias<\/strong><span class=\"ez-toc-section-end\"><\/span><\/h3>\n\n\n\n<p>Participar de discuss\u00f5es pontuais pode gerar visibilidade moment\u00e2nea, mas dificilmente constr\u00f3i territ\u00f3rio estrat\u00e9gico.<\/p>\n\n\n\n<h3 class=\"wp-block-heading\"><span class=\"ez-toc-section\" id=\"Desconexao_entre_conteudo_e_vendas\"><\/span><strong>Desconex\u00e3o entre conte\u00fado e vendas<\/strong><span class=\"ez-toc-section-end\"><\/span><\/h3>\n\n\n\n<p>Se o time comercial n\u00e3o utilizar conte\u00fados como ferramentas de refor\u00e7o durante as negocia\u00e7\u00f5es, perde-se uma oportunidade de consolidar autoridade no momento decisivo.<\/p>\n\n\n\n<h2 class=\"wp-block-heading\"><span class=\"ez-toc-section\" id=\"Como_estruturar_uma_estrategia_consistente_de_autoridade_digital\"><\/span><strong>Como estruturar uma estrat\u00e9gia consistente de autoridade digital<\/strong><span class=\"ez-toc-section-end\"><\/span><\/h2>\n\n\n\n<h3 class=\"wp-block-heading\"><span class=\"ez-toc-section\" id=\"1_Definir_territorio_estrategico\"><\/span><strong>1. Definir territ\u00f3rio estrat\u00e9gico<\/strong><span class=\"ez-toc-section-end\"><\/span><\/h3>\n\n\n\n<p>Escolher um conjunto espec\u00edfico de temas centrais alinhados \u00e0 proposta de valor.<\/p>\n\n\n\n<h3 class=\"wp-block-heading\"><span class=\"ez-toc-section\" id=\"2_Criar_um_cluster_de_conteudo_aprofundado\"><\/span><strong>2. Criar um cluster de conte\u00fado aprofundado<\/strong><span class=\"ez-toc-section-end\"><\/span><\/h3>\n\n\n\n<p>Produzir conte\u00fados interligados que reforcem posicionamento e ampliem percep\u00e7\u00e3o de dom\u00ednio.<\/p>\n\n\n\n<h3 class=\"wp-block-heading\"><span class=\"ez-toc-section\" id=\"3_Integrar_marketing_e_comercial\"><\/span><strong>3. Integrar marketing e comercial<\/strong><span class=\"ez-toc-section-end\"><\/span><\/h3>\n\n\n\n<p>Utilizar artigos e estudos de caso como apoio em reuni\u00f5es e negocia\u00e7\u00f5es.<\/p>\n\n\n\n<h3 class=\"wp-block-heading\"><span class=\"ez-toc-section\" id=\"4_Monitorar_impacto_real\"><\/span><strong>4. Monitorar impacto real<\/strong><span class=\"ez-toc-section-end\"><\/span><\/h3>\n\n\n\n<p>Avaliar se os conte\u00fados est\u00e3o participando de jornadas de convers\u00e3o e contribuindo para oportunidades qualificadas.<\/p>\n\n\n\n<h2 class=\"wp-block-heading\"><span class=\"ez-toc-section\" id=\"Autoridade_como_ativo_de_longo_prazo\"><\/span><strong>Autoridade como ativo de longo prazo<\/strong><span class=\"ez-toc-section-end\"><\/span><\/h2>\n\n\n\n<p>Empresas que investem consistentemente na constru\u00e7\u00e3o de autoridade digital colhem benef\u00edcios estruturais:<\/p>\n\n\n\n<ul class=\"wp-block-list\">\n<li>Redu\u00e7\u00e3o da depend\u00eancia exclusiva de m\u00eddia paga<\/li>\n\n\n\n<li>Leads mais preparados<\/li>\n\n\n\n<li>Maior taxa de convers\u00e3o<\/li>\n\n\n\n<li>Negocia\u00e7\u00f5es mais estrat\u00e9gicas<\/li>\n\n\n\n<li>Crescimento mais previs\u00edvel<\/li>\n<\/ul>\n\n\n\n<p>Em resumo, autoridade digital n\u00e3o \u00e9 constru\u00edda por acaso. Ela exige posicionamento claro, produ\u00e7\u00e3o de conte\u00fado aprofundado e decis\u00f5es orientadas por dados.<\/p>\n\n\n\n<p>A GerenteWeb integra Marketing de Performance, intelig\u00eancia estrat\u00e9gica e produ\u00e7\u00e3o de conte\u00fado de alta densidade para posicionar empresas como refer\u00eancia em seus mercados.<\/p>\n\n\n\n<p>Portanto, se sua empresa publica, mas n\u00e3o \u00e9 lembrada como especialista, talvez o problema n\u00e3o esteja na frequ\u00eancia, mas sim na estrat\u00e9gia que sustenta essa presen\u00e7a.<\/p>\n\n\n\n<p><\/p>\n","protected":false},"excerpt":{"rendered":"<p>Atualmente, muitas empresas acreditam que est\u00e3o construindo autoridade digital porque produzem conte\u00fado com frequ\u00eancia, mant\u00eam presen\u00e7a nas redes sociais e investem em campanhas pagas. No entanto, quando um decisor precisa contratar um servi\u00e7o estrat\u00e9gico, essas marcas raramente aparecem como primeira op\u00e7\u00e3o. Esse cen\u00e1rio revela um equ\u00edvoco comum: presen\u00e7a digital n\u00e3o \u00e9 sin\u00f4nimo de autoridade digital. &hellip; <\/p>\n<p class=\"link-more\"><a href=\"https:\/\/conteudo.gerenteweb.com.br\/blog\/autoridade-digital\/\" class=\"more-link\">Continue lendo<span class=\"screen-reader-text\"> &#8220;Autoridade digital: por que sua empresa ainda n\u00e3o \u00e9 refer\u00eancia no mercado&#8221;<\/span><\/a><\/p>\n","protected":false},"author":13,"featured_media":2434,"comment_status":"open","ping_status":"open","sticky":false,"template":"","format":"standard","meta":{"footnotes":""},"categories":[5],"tags":[482,484,57,17,30,485,486,483],"class_list":["post-2423","post","type-post","status-publish","format-standard","has-post-thumbnail","hentry","category-marketing-digital","tag-autoridade-digital","tag-autoridade-no-meio-digital","tag-estrategias-de-marketing-digital","tag-marketing","tag-marketing-digital","tag-percepcao-de-valo","tag-percepcao-de-valor","tag-visibilidade-com-autoridade"],"yoast_head":"<!-- This site is optimized with the Yoast SEO plugin v27.3 - https:\/\/yoast.com\/product\/yoast-seo-wordpress\/ -->\n<title>Autoridade digital: como se tornar refer\u00eancia<\/title>\n<meta name=\"description\" content=\"Autoridade digital transforma visibilidade em influ\u00eancia. Descubra como posicionar sua empresa como refer\u00eancia no mercado.\" \/>\n<meta name=\"robots\" content=\"index, follow, max-snippet:-1, max-image-preview:large, max-video-preview:-1\" \/>\n<link rel=\"canonical\" href=\"https:\/\/conteudo.gerenteweb.com.br\/blog\/autoridade-digital\/\" \/>\n<meta property=\"og:locale\" content=\"pt_BR\" \/>\n<meta property=\"og:type\" content=\"article\" \/>\n<meta property=\"og:title\" content=\"Autoridade digital: como se tornar refer\u00eancia\" \/>\n<meta property=\"og:description\" content=\"Autoridade digital transforma visibilidade em influ\u00eancia. Descubra como posicionar sua empresa como refer\u00eancia no mercado.\" \/>\n<meta property=\"og:url\" content=\"https:\/\/conteudo.gerenteweb.com.br\/blog\/autoridade-digital\/\" \/>\n<meta property=\"og:site_name\" content=\"GerenteWeb\" \/>\n<meta property=\"article:publisher\" content=\"https:\/\/www.facebook.com\/Gerenteweb\/\" \/>\n<meta property=\"article:published_time\" content=\"2026-03-18T18:00:00+00:00\" \/>\n<meta property=\"og:image\" content=\"https:\/\/conteudo.gerenteweb.com.br\/blog\/wp-content\/uploads\/2026\/03\/autoridade-digital.png\" \/>\n\t<meta property=\"og:image:width\" content=\"768\" \/>\n\t<meta property=\"og:image:height\" content=\"402\" \/>\n\t<meta property=\"og:image:type\" content=\"image\/png\" \/>\n<meta name=\"author\" content=\"Roberta Pacheco\" \/>\n<meta name=\"twitter:card\" content=\"summary_large_image\" \/>\n<meta name=\"twitter:creator\" content=\"@gerenteweb\" \/>\n<meta name=\"twitter:site\" content=\"@gerenteweb\" \/>\n<meta name=\"twitter:label1\" content=\"Written by\" \/>\n\t<meta name=\"twitter:data1\" content=\"Roberta Pacheco\" \/>\n\t<meta name=\"twitter:label2\" content=\"Est. reading time\" \/>\n\t<meta name=\"twitter:data2\" content=\"6 minutos\" \/>\n<script type=\"application\/ld+json\" class=\"yoast-schema-graph\">{\"@context\":\"https:\\\/\\\/schema.org\",\"@graph\":[{\"@type\":\"Article\",\"@id\":\"https:\\\/\\\/conteudo.gerenteweb.com.br\\\/blog\\\/autoridade-digital\\\/#article\",\"isPartOf\":{\"@id\":\"https:\\\/\\\/conteudo.gerenteweb.com.br\\\/blog\\\/autoridade-digital\\\/\"},\"author\":{\"name\":\"Roberta Pacheco\",\"@id\":\"https:\\\/\\\/conteudo.gerenteweb.com.br\\\/blog\\\/#\\\/schema\\\/person\\\/1abee79f643dbafb4c43fe843970ed83\"},\"headline\":\"Autoridade digital: por que sua empresa ainda n\u00e3o \u00e9 refer\u00eancia no mercado\",\"datePublished\":\"2026-03-18T18:00:00+00:00\",\"mainEntityOfPage\":{\"@id\":\"https:\\\/\\\/conteudo.gerenteweb.com.br\\\/blog\\\/autoridade-digital\\\/\"},\"wordCount\":1228,\"commentCount\":0,\"publisher\":{\"@id\":\"https:\\\/\\\/conteudo.gerenteweb.com.br\\\/blog\\\/#organization\"},\"image\":{\"@id\":\"https:\\\/\\\/conteudo.gerenteweb.com.br\\\/blog\\\/autoridade-digital\\\/#primaryimage\"},\"thumbnailUrl\":\"https:\\\/\\\/conteudo.gerenteweb.com.br\\\/blog\\\/wp-content\\\/uploads\\\/2026\\\/03\\\/autoridade-digital.png\",\"keywords\":[\"autoridade digital\",\"autoridade no meio digital\",\"estrat\u00e9gias de marketing digital\",\"Marketing\",\"marketing digital\",\"percep\u00e7\u00e3o de valo\",\"percep\u00e7\u00e3o de valor\",\"visibilidade com autoridade\"],\"articleSection\":[\"Marketing Digital\"],\"inLanguage\":\"pt-BR\",\"potentialAction\":[{\"@type\":\"CommentAction\",\"name\":\"Comment\",\"target\":[\"https:\\\/\\\/conteudo.gerenteweb.com.br\\\/blog\\\/autoridade-digital\\\/#respond\"]}]},{\"@type\":\"WebPage\",\"@id\":\"https:\\\/\\\/conteudo.gerenteweb.com.br\\\/blog\\\/autoridade-digital\\\/\",\"url\":\"https:\\\/\\\/conteudo.gerenteweb.com.br\\\/blog\\\/autoridade-digital\\\/\",\"name\":\"Autoridade digital: como se tornar refer\u00eancia\",\"isPartOf\":{\"@id\":\"https:\\\/\\\/conteudo.gerenteweb.com.br\\\/blog\\\/#website\"},\"primaryImageOfPage\":{\"@id\":\"https:\\\/\\\/conteudo.gerenteweb.com.br\\\/blog\\\/autoridade-digital\\\/#primaryimage\"},\"image\":{\"@id\":\"https:\\\/\\\/conteudo.gerenteweb.com.br\\\/blog\\\/autoridade-digital\\\/#primaryimage\"},\"thumbnailUrl\":\"https:\\\/\\\/conteudo.gerenteweb.com.br\\\/blog\\\/wp-content\\\/uploads\\\/2026\\\/03\\\/autoridade-digital.png\",\"datePublished\":\"2026-03-18T18:00:00+00:00\",\"description\":\"Autoridade digital transforma visibilidade em influ\u00eancia. Descubra como posicionar sua empresa como refer\u00eancia no mercado.\",\"breadcrumb\":{\"@id\":\"https:\\\/\\\/conteudo.gerenteweb.com.br\\\/blog\\\/autoridade-digital\\\/#breadcrumb\"},\"inLanguage\":\"pt-BR\",\"potentialAction\":[{\"@type\":\"ReadAction\",\"target\":[\"https:\\\/\\\/conteudo.gerenteweb.com.br\\\/blog\\\/autoridade-digital\\\/\"]}]},{\"@type\":\"ImageObject\",\"inLanguage\":\"pt-BR\",\"@id\":\"https:\\\/\\\/conteudo.gerenteweb.com.br\\\/blog\\\/autoridade-digital\\\/#primaryimage\",\"url\":\"https:\\\/\\\/conteudo.gerenteweb.com.br\\\/blog\\\/wp-content\\\/uploads\\\/2026\\\/03\\\/autoridade-digital.png\",\"contentUrl\":\"https:\\\/\\\/conteudo.gerenteweb.com.br\\\/blog\\\/wp-content\\\/uploads\\\/2026\\\/03\\\/autoridade-digital.png\",\"width\":768,\"height\":402,\"caption\":\"autoridade digital\"},{\"@type\":\"BreadcrumbList\",\"@id\":\"https:\\\/\\\/conteudo.gerenteweb.com.br\\\/blog\\\/autoridade-digital\\\/#breadcrumb\",\"itemListElement\":[{\"@type\":\"ListItem\",\"position\":1,\"name\":\"In\u00edcio\",\"item\":\"https:\\\/\\\/conteudo.gerenteweb.com.br\\\/blog\\\/\"},{\"@type\":\"ListItem\",\"position\":2,\"name\":\"Autoridade digital: por que sua empresa ainda n\u00e3o \u00e9 refer\u00eancia no mercado\"}]},{\"@type\":\"WebSite\",\"@id\":\"https:\\\/\\\/conteudo.gerenteweb.com.br\\\/blog\\\/#website\",\"url\":\"https:\\\/\\\/conteudo.gerenteweb.com.br\\\/blog\\\/\",\"name\":\"GerenteWeb\",\"description\":\"Marketing Digital\",\"publisher\":{\"@id\":\"https:\\\/\\\/conteudo.gerenteweb.com.br\\\/blog\\\/#organization\"},\"potentialAction\":[{\"@type\":\"SearchAction\",\"target\":{\"@type\":\"EntryPoint\",\"urlTemplate\":\"https:\\\/\\\/conteudo.gerenteweb.com.br\\\/blog\\\/?s={search_term_string}\"},\"query-input\":{\"@type\":\"PropertyValueSpecification\",\"valueRequired\":true,\"valueName\":\"search_term_string\"}}],\"inLanguage\":\"pt-BR\"},{\"@type\":\"Organization\",\"@id\":\"https:\\\/\\\/conteudo.gerenteweb.com.br\\\/blog\\\/#organization\",\"name\":\"GerenteWeb\",\"url\":\"https:\\\/\\\/conteudo.gerenteweb.com.br\\\/blog\\\/\",\"logo\":{\"@type\":\"ImageObject\",\"inLanguage\":\"pt-BR\",\"@id\":\"https:\\\/\\\/conteudo.gerenteweb.com.br\\\/blog\\\/#\\\/schema\\\/logo\\\/image\\\/\",\"url\":\"https:\\\/\\\/conteudo.gerenteweb.com.br\\\/blog\\\/wp-content\\\/uploads\\\/2015\\\/12\\\/logo-gerenteweb.png\",\"contentUrl\":\"https:\\\/\\\/conteudo.gerenteweb.com.br\\\/blog\\\/wp-content\\\/uploads\\\/2015\\\/12\\\/logo-gerenteweb.png\",\"width\":229,\"height\":54,\"caption\":\"GerenteWeb\"},\"image\":{\"@id\":\"https:\\\/\\\/conteudo.gerenteweb.com.br\\\/blog\\\/#\\\/schema\\\/logo\\\/image\\\/\"},\"sameAs\":[\"https:\\\/\\\/www.facebook.com\\\/Gerenteweb\\\/\",\"https:\\\/\\\/x.com\\\/gerenteweb\",\"https:\\\/\\\/www.linkedin.com\\\/company\\\/gerenteweb\"]},{\"@type\":\"Person\",\"@id\":\"https:\\\/\\\/conteudo.gerenteweb.com.br\\\/blog\\\/#\\\/schema\\\/person\\\/1abee79f643dbafb4c43fe843970ed83\",\"name\":\"Roberta Pacheco\",\"image\":{\"@type\":\"ImageObject\",\"inLanguage\":\"pt-BR\",\"@id\":\"https:\\\/\\\/secure.gravatar.com\\\/avatar\\\/eaa834a4c31dd7211c86aa58c6bd0e0494a9e990c072127ae031e7ac9be33e83?s=96&d=mm&r=g\",\"url\":\"https:\\\/\\\/secure.gravatar.com\\\/avatar\\\/eaa834a4c31dd7211c86aa58c6bd0e0494a9e990c072127ae031e7ac9be33e83?s=96&d=mm&r=g\",\"contentUrl\":\"https:\\\/\\\/secure.gravatar.com\\\/avatar\\\/eaa834a4c31dd7211c86aa58c6bd0e0494a9e990c072127ae031e7ac9be33e83?s=96&d=mm&r=g\",\"caption\":\"Roberta Pacheco\"},\"url\":\"https:\\\/\\\/conteudo.gerenteweb.com.br\\\/blog\\\/author\\\/roberta\\\/\"}]}<\/script>\n<!-- \/ Yoast SEO plugin. -->","yoast_head_json":{"title":"Autoridade digital: como se tornar refer\u00eancia","description":"Autoridade digital transforma visibilidade em influ\u00eancia. Descubra como posicionar sua empresa como refer\u00eancia no mercado.","robots":{"index":"index","follow":"follow","max-snippet":"max-snippet:-1","max-image-preview":"max-image-preview:large","max-video-preview":"max-video-preview:-1"},"canonical":"https:\/\/conteudo.gerenteweb.com.br\/blog\/autoridade-digital\/","og_locale":"pt_BR","og_type":"article","og_title":"Autoridade digital: como se tornar refer\u00eancia","og_description":"Autoridade digital transforma visibilidade em influ\u00eancia. Descubra como posicionar sua empresa como refer\u00eancia no mercado.","og_url":"https:\/\/conteudo.gerenteweb.com.br\/blog\/autoridade-digital\/","og_site_name":"GerenteWeb","article_publisher":"https:\/\/www.facebook.com\/Gerenteweb\/","article_published_time":"2026-03-18T18:00:00+00:00","og_image":[{"width":768,"height":402,"url":"https:\/\/conteudo.gerenteweb.com.br\/blog\/wp-content\/uploads\/2026\/03\/autoridade-digital.png","type":"image\/png"}],"author":"Roberta Pacheco","twitter_card":"summary_large_image","twitter_creator":"@gerenteweb","twitter_site":"@gerenteweb","twitter_misc":{"Written by":"Roberta Pacheco","Est. reading time":"6 minutos"},"schema":{"@context":"https:\/\/schema.org","@graph":[{"@type":"Article","@id":"https:\/\/conteudo.gerenteweb.com.br\/blog\/autoridade-digital\/#article","isPartOf":{"@id":"https:\/\/conteudo.gerenteweb.com.br\/blog\/autoridade-digital\/"},"author":{"name":"Roberta Pacheco","@id":"https:\/\/conteudo.gerenteweb.com.br\/blog\/#\/schema\/person\/1abee79f643dbafb4c43fe843970ed83"},"headline":"Autoridade digital: por que sua empresa ainda n\u00e3o \u00e9 refer\u00eancia no mercado","datePublished":"2026-03-18T18:00:00+00:00","mainEntityOfPage":{"@id":"https:\/\/conteudo.gerenteweb.com.br\/blog\/autoridade-digital\/"},"wordCount":1228,"commentCount":0,"publisher":{"@id":"https:\/\/conteudo.gerenteweb.com.br\/blog\/#organization"},"image":{"@id":"https:\/\/conteudo.gerenteweb.com.br\/blog\/autoridade-digital\/#primaryimage"},"thumbnailUrl":"https:\/\/conteudo.gerenteweb.com.br\/blog\/wp-content\/uploads\/2026\/03\/autoridade-digital.png","keywords":["autoridade digital","autoridade no meio digital","estrat\u00e9gias de marketing digital","Marketing","marketing digital","percep\u00e7\u00e3o de valo","percep\u00e7\u00e3o de valor","visibilidade com autoridade"],"articleSection":["Marketing Digital"],"inLanguage":"pt-BR","potentialAction":[{"@type":"CommentAction","name":"Comment","target":["https:\/\/conteudo.gerenteweb.com.br\/blog\/autoridade-digital\/#respond"]}]},{"@type":"WebPage","@id":"https:\/\/conteudo.gerenteweb.com.br\/blog\/autoridade-digital\/","url":"https:\/\/conteudo.gerenteweb.com.br\/blog\/autoridade-digital\/","name":"Autoridade digital: como se tornar refer\u00eancia","isPartOf":{"@id":"https:\/\/conteudo.gerenteweb.com.br\/blog\/#website"},"primaryImageOfPage":{"@id":"https:\/\/conteudo.gerenteweb.com.br\/blog\/autoridade-digital\/#primaryimage"},"image":{"@id":"https:\/\/conteudo.gerenteweb.com.br\/blog\/autoridade-digital\/#primaryimage"},"thumbnailUrl":"https:\/\/conteudo.gerenteweb.com.br\/blog\/wp-content\/uploads\/2026\/03\/autoridade-digital.png","datePublished":"2026-03-18T18:00:00+00:00","description":"Autoridade digital transforma visibilidade em influ\u00eancia. Descubra como posicionar sua empresa como refer\u00eancia no mercado.","breadcrumb":{"@id":"https:\/\/conteudo.gerenteweb.com.br\/blog\/autoridade-digital\/#breadcrumb"},"inLanguage":"pt-BR","potentialAction":[{"@type":"ReadAction","target":["https:\/\/conteudo.gerenteweb.com.br\/blog\/autoridade-digital\/"]}]},{"@type":"ImageObject","inLanguage":"pt-BR","@id":"https:\/\/conteudo.gerenteweb.com.br\/blog\/autoridade-digital\/#primaryimage","url":"https:\/\/conteudo.gerenteweb.com.br\/blog\/wp-content\/uploads\/2026\/03\/autoridade-digital.png","contentUrl":"https:\/\/conteudo.gerenteweb.com.br\/blog\/wp-content\/uploads\/2026\/03\/autoridade-digital.png","width":768,"height":402,"caption":"autoridade digital"},{"@type":"BreadcrumbList","@id":"https:\/\/conteudo.gerenteweb.com.br\/blog\/autoridade-digital\/#breadcrumb","itemListElement":[{"@type":"ListItem","position":1,"name":"In\u00edcio","item":"https:\/\/conteudo.gerenteweb.com.br\/blog\/"},{"@type":"ListItem","position":2,"name":"Autoridade digital: por que sua empresa ainda n\u00e3o \u00e9 refer\u00eancia no mercado"}]},{"@type":"WebSite","@id":"https:\/\/conteudo.gerenteweb.com.br\/blog\/#website","url":"https:\/\/conteudo.gerenteweb.com.br\/blog\/","name":"GerenteWeb","description":"Marketing Digital","publisher":{"@id":"https:\/\/conteudo.gerenteweb.com.br\/blog\/#organization"},"potentialAction":[{"@type":"SearchAction","target":{"@type":"EntryPoint","urlTemplate":"https:\/\/conteudo.gerenteweb.com.br\/blog\/?s={search_term_string}"},"query-input":{"@type":"PropertyValueSpecification","valueRequired":true,"valueName":"search_term_string"}}],"inLanguage":"pt-BR"},{"@type":"Organization","@id":"https:\/\/conteudo.gerenteweb.com.br\/blog\/#organization","name":"GerenteWeb","url":"https:\/\/conteudo.gerenteweb.com.br\/blog\/","logo":{"@type":"ImageObject","inLanguage":"pt-BR","@id":"https:\/\/conteudo.gerenteweb.com.br\/blog\/#\/schema\/logo\/image\/","url":"https:\/\/conteudo.gerenteweb.com.br\/blog\/wp-content\/uploads\/2015\/12\/logo-gerenteweb.png","contentUrl":"https:\/\/conteudo.gerenteweb.com.br\/blog\/wp-content\/uploads\/2015\/12\/logo-gerenteweb.png","width":229,"height":54,"caption":"GerenteWeb"},"image":{"@id":"https:\/\/conteudo.gerenteweb.com.br\/blog\/#\/schema\/logo\/image\/"},"sameAs":["https:\/\/www.facebook.com\/Gerenteweb\/","https:\/\/x.com\/gerenteweb","https:\/\/www.linkedin.com\/company\/gerenteweb"]},{"@type":"Person","@id":"https:\/\/conteudo.gerenteweb.com.br\/blog\/#\/schema\/person\/1abee79f643dbafb4c43fe843970ed83","name":"Roberta Pacheco","image":{"@type":"ImageObject","inLanguage":"pt-BR","@id":"https:\/\/secure.gravatar.com\/avatar\/eaa834a4c31dd7211c86aa58c6bd0e0494a9e990c072127ae031e7ac9be33e83?s=96&d=mm&r=g","url":"https:\/\/secure.gravatar.com\/avatar\/eaa834a4c31dd7211c86aa58c6bd0e0494a9e990c072127ae031e7ac9be33e83?s=96&d=mm&r=g","contentUrl":"https:\/\/secure.gravatar.com\/avatar\/eaa834a4c31dd7211c86aa58c6bd0e0494a9e990c072127ae031e7ac9be33e83?s=96&d=mm&r=g","caption":"Roberta Pacheco"},"url":"https:\/\/conteudo.gerenteweb.com.br\/blog\/author\/roberta\/"}]}},"_links":{"self":[{"href":"https:\/\/conteudo.gerenteweb.com.br\/blog\/wp-json\/wp\/v2\/posts\/2423","targetHints":{"allow":["GET"]}}],"collection":[{"href":"https:\/\/conteudo.gerenteweb.com.br\/blog\/wp-json\/wp\/v2\/posts"}],"about":[{"href":"https:\/\/conteudo.gerenteweb.com.br\/blog\/wp-json\/wp\/v2\/types\/post"}],"author":[{"embeddable":true,"href":"https:\/\/conteudo.gerenteweb.com.br\/blog\/wp-json\/wp\/v2\/users\/13"}],"replies":[{"embeddable":true,"href":"https:\/\/conteudo.gerenteweb.com.br\/blog\/wp-json\/wp\/v2\/comments?post=2423"}],"version-history":[{"count":4,"href":"https:\/\/conteudo.gerenteweb.com.br\/blog\/wp-json\/wp\/v2\/posts\/2423\/revisions"}],"predecessor-version":[{"id":2430,"href":"https:\/\/conteudo.gerenteweb.com.br\/blog\/wp-json\/wp\/v2\/posts\/2423\/revisions\/2430"}],"wp:featuredmedia":[{"embeddable":true,"href":"https:\/\/conteudo.gerenteweb.com.br\/blog\/wp-json\/wp\/v2\/media\/2434"}],"wp:attachment":[{"href":"https:\/\/conteudo.gerenteweb.com.br\/blog\/wp-json\/wp\/v2\/media?parent=2423"}],"wp:term":[{"taxonomy":"category","embeddable":true,"href":"https:\/\/conteudo.gerenteweb.com.br\/blog\/wp-json\/wp\/v2\/categories?post=2423"},{"taxonomy":"post_tag","embeddable":true,"href":"https:\/\/conteudo.gerenteweb.com.br\/blog\/wp-json\/wp\/v2\/tags?post=2423"}],"curies":[{"name":"wp","href":"https:\/\/api.w.org\/{rel}","templated":true}]}}